{"id":62,"date":"2025-10-17T09:38:00","date_gmt":"2025-10-17T09:38:00","guid":{"rendered":"https:\/\/pepe264.net3d.hu\/?p=62"},"modified":"2026-07-25T12:10:53","modified_gmt":"2026-07-25T12:10:53","slug":"partizan-uni-gyor-gyvse-3-20-0-7-0-4-1-5-2-4","status":"publish","type":"post","link":"https:\/\/pepe264.net3d.hu\/?p=62","title":{"rendered":"Partizan &#8211; UNI Gy\u0151r GYVSE 3-20 (0-7, 0-4, 1-5, 2-4)"},"content":{"rendered":"\n<p class=\"wp-block-paragraph\">Be\u010dej, Duna Liga-m\u00e9rk\u0151z\u00e9s, 1. j\u00e1t\u00e9knap, 1. m\u00e9rk\u0151z\u00e9s<br><\/p>\n\n\n\n<p class=\"wp-block-paragraph\">Csapatunk m\u00e1r az els\u0151 negyedben eld\u00f6nt\u00f6tt\u00e9k a tal\u00e1lkoz\u00f3t, \u00e9s v\u00e9gig nagy f\u00f6l\u00e9nyben j\u00e1tszva arattak magabiztos gy\u0151zelmet.<\/p>\n\n\n\n<p class=\"wp-block-paragraph\"><strong>UNI Gy\u0151r GYVSE: <\/strong>Balogh Vill\u0151 &#8211; R\u00e1dli R\u00f3zsa 2, Finta Zsuzsanna, Iszak Tamara, Horv\u00e1th Bianka 1, Lendvai Natasa 1, Csernus Fl\u00f3ra 2, Petik Panna 3, Svec M\u00f3na S\u00e1ba 2, Koltay Nadin 2, Szedl\u00e1k M\u00f3nika 5, Dilara Bural 1, Mozbauer Panna 1, J\u00e1mbor Vikt\u00f3ria. Edz\u0151: Petrovai M\u00e1rton.<\/p>\n\n\n\n<p class=\"wp-block-paragraph\">A m\u00e9rk\u0151z\u00e9s elej\u00e9t\u0151l kezdve egy\u00e9rtelm\u0171 volt a gy\u0151ri f\u00f6l\u00e9ny. A mieink j\u00f3l v\u00e9dekeztek, gyorsan \u00e9s pontosan fejezt\u00e9k be t\u00e1mad\u00e1saikat, ennek k\u00f6sz\u00f6nhet\u0151en m\u00e1r az els\u0151 negyed v\u00e9g\u00e9re 7-0-s el\u0151nyt \u00e9p\u00edtettek ki. A Partizan nem tal\u00e1lta a magyar csapat j\u00e1t\u00e9k\u00e1nak ellenszer\u00e9t, a GYVSE pedig nagy temp\u00f3t dikt\u00e1lt.<\/p>\n\n\n\n<p class=\"wp-block-paragraph\">A m\u00e1sodik negyedben sem v\u00e1ltozott a j\u00e1t\u00e9k k\u00e9pe. A gy\u0151riek tov\u00e1bb n\u00f6velt\u00e9k a k\u00fcl\u00f6nbs\u00e9get, mik\u00f6zben h\u00e1tul is fegyelmezettek maradtak, \u00edgy a nagysz\u00fcnetre 11-0-s vezet\u00e9ssel fordulhattak. A hazaiak els\u0151 tal\u00e1lat\u00e1ra eg\u00e9szen a harmadik j\u00e1t\u00e9kr\u00e9szig kellett v\u00e1rni.<\/p>\n\n\n\n<p class=\"wp-block-paragraph\">A fordul\u00e1s ut\u00e1n is k\u00e9zben tartotta a m\u00e9rk\u0151z\u00e9st a GYVSE. B\u00e1r a Partizan megszerezte els\u0151 g\u00f3lj\u00e1t, a gy\u0151riek erre is rendre v\u00e1laszoltak, \u00e9s tov\u00e1bb nyitott\u00e1k az oll\u00f3t. Az utols\u00f3 negyedre m\u00e1r 16-1-es el\u0151nnyel fordultunk r\u00e1, \u00edgy a hajr\u00e1ban sem maradt k\u00e9rd\u00e9s a gy\u0151ztes kil\u00e9t\u00e9t illet\u0151en.<\/p>\n\n\n\n<p class=\"wp-block-paragraph\">A v\u00e9gj\u00e1t\u00e9kban is a mieink akarata \u00e9rv\u00e9nyes\u00fclt, a Partizan ugyan m\u00e9g k\u00e9tszer betal\u00e1lt, de a GYVSE \u00f6sszess\u00e9g\u00e9ben v\u00e9gig f\u00f6l\u00e9nyben v\u00edzilabd\u00e1zott. A v\u00e9ge 20-3-as gy\u0151ri siker lett, egy olyan tal\u00e1lkoz\u00f3n, amelyen a csapat t\u00e1mad\u00e1sban \u00e9s v\u00e9dekez\u00e9sben is meggy\u0151z\u0151 teljes\u00edtm\u00e9nyt ny\u00fajtott.<\/p>\n\n\n\n<p class=\"wp-block-paragraph\">Az 1. fordul\u00f3 tov\u00e1bbi eredm\u00e9nyei:<\/p>\n\n\n\n<p class=\"wp-block-paragraph\">Red Star Belgrade \u2013 ASV Wien 15:13 (2:4, 2:3, 1:0, 5:3 \u2013 5:3)<br>Palilula \u2013 Alba Iulia 2:18 (0:6, 0:3, 1:3, 1:6)<\/p>\n\n\n\n<figure class=\"wp-block-image size-large\"><img loading=\"lazy\" decoding=\"async\" width=\"1024\" height=\"1024\" src=\"https:\/\/pepe264.net3d.hu\/wp-content\/uploads\/2026\/07\/703978966_1511740153868592_6523016142569890837_n-1024x1024.jpeg\" alt=\"\" class=\"wp-image-64\" srcset=\"https:\/\/pepe264.net3d.hu\/wp-content\/uploads\/2026\/07\/703978966_1511740153868592_6523016142569890837_n-1024x1024.jpeg 1024w, https:\/\/pepe264.net3d.hu\/wp-content\/uploads\/2026\/07\/703978966_1511740153868592_6523016142569890837_n-300x300.jpeg 300w, https:\/\/pepe264.net3d.hu\/wp-content\/uploads\/2026\/07\/703978966_1511740153868592_6523016142569890837_n-150x150.jpeg 150w, https:\/\/pepe264.net3d.hu\/wp-content\/uploads\/2026\/07\/703978966_1511740153868592_6523016142569890837_n-768x768.jpeg 768w, https:\/\/pepe264.net3d.hu\/wp-content\/uploads\/2026\/07\/703978966_1511740153868592_6523016142569890837_n-100x100.jpeg 100w, https:\/\/pepe264.net3d.hu\/wp-content\/uploads\/2026\/07\/703978966_1511740153868592_6523016142569890837_n.jpeg 1080w\" sizes=\"auto, (max-width: 1024px) 100vw, 1024px\" \/><\/figure>\n","protected":false},"excerpt":{"rendered":"<p>Csapatunk f\u00f6l\u00e9nyes gy\u0151zelmet aratott a Duna Liga els\u0151 m\u00e9rk\u0151z\u00e9s\u00e9n<\/p>\n","protected":false},"author":1,"featured_media":63,"comment_status":"closed","ping_status":"closed","sticky":false,"template":"","format":"standard","meta":{"footnotes":""},"categories":[8,6],"tags":[11],"class_list":["post-62","post","type-post","status-publish","format-standard","has-post-thumbnail","hentry","category-duna-liga","category-felnott-noi","tag-partizan"],"_links":{"self":[{"href":"https:\/\/pepe264.net3d.hu\/index.php?rest_route=\/wp\/v2\/posts\/62","targetHints":{"allow":["GET"]}}],"collection":[{"href":"https:\/\/pepe264.net3d.hu\/index.php?rest_route=\/wp\/v2\/posts"}],"about":[{"href":"https:\/\/pepe264.net3d.hu\/index.php?rest_route=\/wp\/v2\/types\/post"}],"author":[{"embeddable":true,"href":"https:\/\/pepe264.net3d.hu\/index.php?rest_route=\/wp\/v2\/users\/1"}],"replies":[{"embeddable":true,"href":"https:\/\/pepe264.net3d.hu\/index.php?rest_route=%2Fwp%2Fv2%2Fcomments&post=62"}],"version-history":[{"count":1,"href":"https:\/\/pepe264.net3d.hu\/index.php?rest_route=\/wp\/v2\/posts\/62\/revisions"}],"predecessor-version":[{"id":65,"href":"https:\/\/pepe264.net3d.hu\/index.php?rest_route=\/wp\/v2\/posts\/62\/revisions\/65"}],"wp:featuredmedia":[{"embeddable":true,"href":"https:\/\/pepe264.net3d.hu\/index.php?rest_route=\/wp\/v2\/media\/63"}],"wp:attachment":[{"href":"https:\/\/pepe264.net3d.hu\/index.php?rest_route=%2Fwp%2Fv2%2Fmedia&parent=62"}],"wp:term":[{"taxonomy":"category","embeddable":true,"href":"https:\/\/pepe264.net3d.hu\/index.php?rest_route=%2Fwp%2Fv2%2Fcategories&post=62"},{"taxonomy":"post_tag","embeddable":true,"href":"https:\/\/pepe264.net3d.hu\/index.php?rest_route=%2Fwp%2Fv2%2Ftags&post=62"}],"curies":[{"name":"wp","href":"https:\/\/api.w.org\/{rel}","templated":true}]}}