{"id":260,"date":"2026-05-07T13:35:00","date_gmt":"2026-05-07T13:35:00","guid":{"rendered":"https:\/\/pepe264.net3d.hu\/?p=260"},"modified":"2026-07-26T13:37:01","modified_gmt":"2026-07-26T13:37:01","slug":"rangos-nemzetkozi-torna-dubrovnikban","status":"publish","type":"post","link":"https:\/\/pepe264.net3d.hu\/?p=260","title":{"rendered":"Rangos nemzetk\u00f6zi torna Dubrovnikban"},"content":{"rendered":"\n<p class=\"wp-block-paragraph\"><strong>Tizenk\u00e9t orsz\u00e1g negyven klubja k\u00e9t koroszt\u00e1lyban nevezett vizilabd\u00e1z\u00f3kat egy rangos dubrovniki&nbsp; nemzetk\u00f6zi v\u00edzilabda torn\u00e1ra, ahol haz\u00e1nkat&nbsp; a GYVSE Uni-Gy\u0151r 2014-2015-\u00f6s sz\u00fclet\u00e9s\u0171 j\u00e1t\u00e9kosai k\u00e9pviselt\u00e9k. Az esem\u00e9nyen a kontinens meghat\u00e1roz\u00f3 klubjai k\u00e9pviseltett\u00e9k magukat, Eur\u00f3p\u00e1b\u00f3l a h\u00e1zigazda horv\u00e1t, a montenegr\u00f3i \u00e9s szerb csapatok mellett volt itt spanyol, olasz, gr\u00faz, francia, szlov\u00e1k, rom\u00e1n \u00e9s n\u00e9met sportol\u00f3k, emellett Kanada is k\u00fcld\u00f6tt egy koroszt\u00e1lyt a nemzetk\u00f6zi torn\u00e1ra.<\/strong><\/p>\n\n\n\n<p class=\"wp-block-paragraph\">\u2013 T\u00f6bbnyire hozz\u00e1nk hasonl\u00f3an olyan csapatok vettek r\u00e9szt, ahol a fi\u00fak mellett l\u00e1nyok is a medenc\u00e9be ugrottak \u2013 id\u00e9zi fel a horv\u00e1torsz\u00e1gi torn\u00e1t N\u00e9meth Zolt\u00e1n, az U12-es csapat edz\u0151je. \u2013 Azzal a c\u00e9llal ment\u00fcnk ki, hogy mindenki jobb j\u00e1t\u00e9kos legyen, mint el\u0151tte volt \u2013 \u00fagy \u00e9rzem ez&nbsp; megval\u00f3sult \u2013 v\u00e9lekedett a tr\u00e9ner. \u2013 A kezdeti megillet\u0151d\u00f6tts\u00e9g ut\u00e1n elmondhatom, hogy nagyon j\u00f3 m\u00e9rk\u0151z\u00e9seket j\u00e1tszottunk. Akikt\u0151l v\u00e1rtam, hogy h\u00faz\u00f3 emberek lesznek, \u0151k val\u00f3ban a csapat vez\u00e9rei lettek. Azt k\u00e9rtem a gyerekekt\u0151l, hogy mindenki lessen el valamit az ellenfeleit\u0151l.&nbsp;&nbsp;Az esem\u00e9ny megnyit\u00f3ja is nagy \u00e9lm\u00e9nyt volt mindenkinek, kicsit olyan volt, mintha a Bajnokok Lig\u00e1ja d\u00f6nt\u0151j\u00e9be ker\u00fclt volna a csapat, azut\u00e1n pedig \u00f3ri\u00e1si hangulat volt a meccsek alatt, hiszen p\u00e1rhuzamosan k\u00e9t m\u00e9rk\u0151z\u00e9st is rendeztek mindig a medenc\u00e9ben.<\/p>\n\n\n\n<p class=\"wp-block-paragraph\"><strong>\u2013 Neked edz\u0151k\u00e9nt mi az, ami felt\u0171nt, hogy m\u00e1s orsz\u00e1gban esetleg m\u00e1sk\u00e9pp gondolkodnak?<\/strong><\/p>\n\n\n\n<p class=\"wp-block-paragraph\">\u2013 F\u0151leg a szl\u00e1v csapatokt\u00f3l l\u00e1ttam, hogy mennyire center k\u00f6zpont\u00fa a j\u00e1t\u00e9kuk, \u0151k erre szinte minden m\u00e9rk\u0151z\u00e9sen nagy hangs\u00falyt fektettek \u2013 n\u00e1lunk ez kor\u00e1bban nem volt ennyire domin\u00e1ns \u2013 ezt mindenk\u00e9ppen \u00e9rdemes majd fontol\u00f3ra venni. Am\u00fagy ebben a korban m\u00e9g nincsenek r\u00f6gz\u00edtett poz\u00edci\u00f3k, a kapusok az egyed\u00fcliek, akik m\u00e1r fixek, a mez\u0151nyj\u00e1t\u00e9kosok sokat forognak, \u00e9ppen az\u00e9rt, hogy az \u00fcgyes bekkek is megkapj\u00e1k azt a kap\u00e1s oldal k\u00e9pz\u00e9s\u00e9t, hogy k\u00e9s\u0151bb min\u00e9l jobb j\u00e1t\u00e9koss\u00e1 v\u00e1ljanak.<\/p>\n\n\n\n<p class=\"wp-block-paragraph\"><strong>\u2013 L\u00e1ttam a f\u00e9nyk\u00e9peket, \u00edgy sejtem, hogy nagy \u00e9lm\u00e9ny lehetett az eg\u00e9sz k\u00fcld\u00f6tts\u00e9g sz\u00e1m\u00e1ra Dubrovnik felfedez\u00e9se. De nyilv\u00e1n mindenkinek a meccsek voltak a legfontosabbak. Mennyit voltatok a medenc\u00e9ben?<\/strong><\/p>\n\n\n\n<p class=\"wp-block-paragraph\">\u2013 Sokat, hiszen h\u00e9t tal\u00e1lkoz\u00f3nk is volt a r\u00f6vid egy h\u00e9t leforg\u00e1sa alatt. Kicsit sajn\u00e1lom, hogy nem jutottunk be a legjobb 16 k\u00f6z\u00e9, ehhez az egyik er\u0151s ellenfel\u00fcnket le kellett volna gy\u0151zni. A mi csoportunkban volt az olasz Bologna, \u00e9s mellett\u00fck j\u00e1tszottunk az aktu\u00e1lis montenegr\u00f3i bajnokkal, \u0151k az\u00e9rt m\u00e9g j\u00e1t\u00e9kban j\u00f3val el\u0151tt\u00fcnk vannak. A folytat\u00e1sban azut\u00e1n tov\u00e1bbi \u00f6t m\u00e9rk\u0151z\u00e9st j\u00e1tszottunk, \u00fajabb olasz, n\u00e9met, horv\u00e1t, rom\u00e1n \u00e9s gr\u00faz csapattal, ami mindenk\u00e9ppen hasznos volt a gyerekek sz\u00e1m\u00e1ra, ami a hazai bajnoks\u00e1gban biztos, hogy kamatozni fog.<\/p>\n","protected":false},"excerpt":{"rendered":"<p>Tizenk\u00e9t orsz\u00e1g negyven klubja k\u00e9t koroszt\u00e1lyban nevezett vizilabd\u00e1z\u00f3kat egy rangos dubrovniki\u00a0 nemzetk\u00f6zi v\u00edzilabda torn\u00e1ra, ahol haz\u00e1nkat\u00a0 a GYVSE Uni-Gy\u0151r 2014-2015-\u00f6s sz\u00fclet\u00e9s\u0171 j\u00e1t\u00e9kosai k\u00e9pviselt\u00e9k.<\/p>\n","protected":false},"author":1,"featured_media":0,"comment_status":"open","ping_status":"open","sticky":false,"template":"","format":"standard","meta":{"footnotes":""},"categories":[5,1],"tags":[],"class_list":["post-260","post","type-post","status-publish","format-standard","hentry","category-fiuk","category-nemzetkozi-tornak"],"_links":{"self":[{"href":"https:\/\/pepe264.net3d.hu\/index.php?rest_route=\/wp\/v2\/posts\/260","targetHints":{"allow":["GET"]}}],"collection":[{"href":"https:\/\/pepe264.net3d.hu\/index.php?rest_route=\/wp\/v2\/posts"}],"about":[{"href":"https:\/\/pepe264.net3d.hu\/index.php?rest_route=\/wp\/v2\/types\/post"}],"author":[{"embeddable":true,"href":"https:\/\/pepe264.net3d.hu\/index.php?rest_route=\/wp\/v2\/users\/1"}],"replies":[{"embeddable":true,"href":"https:\/\/pepe264.net3d.hu\/index.php?rest_route=%2Fwp%2Fv2%2Fcomments&post=260"}],"version-history":[{"count":1,"href":"https:\/\/pepe264.net3d.hu\/index.php?rest_route=\/wp\/v2\/posts\/260\/revisions"}],"predecessor-version":[{"id":261,"href":"https:\/\/pepe264.net3d.hu\/index.php?rest_route=\/wp\/v2\/posts\/260\/revisions\/261"}],"wp:attachment":[{"href":"https:\/\/pepe264.net3d.hu\/index.php?rest_route=%2Fwp%2Fv2%2Fmedia&parent=260"}],"wp:term":[{"taxonomy":"category","embeddable":true,"href":"https:\/\/pepe264.net3d.hu\/index.php?rest_route=%2Fwp%2Fv2%2Fcategories&post=260"},{"taxonomy":"post_tag","embeddable":true,"href":"https:\/\/pepe264.net3d.hu\/index.php?rest_route=%2Fwp%2Fv2%2Ftags&post=260"}],"curies":[{"name":"wp","href":"https:\/\/api.w.org\/{rel}","templated":true}]}}