{"id":258,"date":"2026-05-09T13:31:00","date_gmt":"2026-05-09T13:31:00","guid":{"rendered":"https:\/\/pepe264.net3d.hu\/?p=258"},"modified":"2026-07-26T13:34:49","modified_gmt":"2026-07-26T13:34:49","slug":"magabiztos-gyozelemmel-zartuk-az-evet","status":"publish","type":"post","link":"https:\/\/pepe264.net3d.hu\/?p=258","title":{"rendered":"Magabiztos gy\u0151zelemmel z\u00e1rtuk az \u00e9vet"},"content":{"rendered":"\n<p class=\"wp-block-paragraph\">UNI-GY\u0150R GYVSE\u2013Tatab\u00e1nya WWP 22\u20137 (7\u20132, 4\u20131, 7\u20133, 4\u20131)<\/p>\n\n\n\n<p class=\"wp-block-paragraph\">Gy\u0151r, ob I-es n\u0151i m\u00e9rk\u0151z\u00e9s. V.: Koll\u00e1r, Fej\u0151s.<\/p>\n\n\n\n<p class=\"wp-block-paragraph\">GYVSE: Balogh V. \u2013 R\u00e1dli, Finta 1, Iszak, Sunabe 4, Lendvai 5, Csernus 2, Petik 4, Svec 3, Koltay 2, Fogarasi, Southcombe 1, Mozbauer, T\u00e1nczos. Edz\u0151: Petrovai M\u00e1rton.<\/p>\n\n\n\n<p class=\"wp-block-paragraph\">Tatab\u00e1nya: S\u00e1rk\u00f6zi \u2013 Zantleitner H., Perj\u00e9si K., Zink 1, Orb\u00e1n, Cser, Gruber, Tordai 3, Bl\u00e1ga, Bolla, Bed\u0151 1, Perj\u00e9si L. 2, Katona, Erd\u0151si. Edz\u0151: Zantleitner Krisztina.<\/p>\n\n\n\n<p class=\"wp-block-paragraph\">Mivel a meccs el\u0151tt eld\u0151lt, hogy a Szeged nyert, \u00edgy nem volt t\u00e9t sz\u00e1munkra, biztosan az als\u00f3h\u00e1z 2. hely\u00e9n, \u00f6sszetettben a 8. poz\u00edci\u00f3ban z\u00e1rjuk a bajnoks\u00e1got.<\/p>\n\n\n\n<p class=\"wp-block-paragraph\">Ennek ellen\u00e9re ahogyan a meccs el\u0151tt fogalmazott Petrovai M\u00e1rton sz\u00e9p gy\u0151zelemmel szerett\u00fck volna z\u00e1rni a szezont, \u00e9s ennek megfelel\u0151en is vetett\u00fck bele magunkat a k\u00fczdelembe. M\u00e1r az els\u0151 negyedben alaposan megsz\u00f3rtuk a Tatab\u00e1ny\u00e1t, az els\u0151 nyolc percben h\u00e9t g\u00f3lt l\u0151tt\u00fcnk. A m\u00e1sodik szakaszban is mi ir\u00e1ny\u00edtottuk a j\u00e1t\u00e9kot, t\u00fal a j\u00e1t\u00e9kr\u00e9sz fel\u00e9n 10\u20132 volt a javunkra. A m\u00e1sodik f\u00e9lid\u0151re 11\u20133-as vezet\u00e9ssel fordultunk.<\/p>\n\n\n\n<p class=\"wp-block-paragraph\">Ezt k\u00f6vet\u0151en sem \u00e1lltunk le, a harmadik negyed v\u00e9ge fel\u00e9 k\u00f6zeledve m\u00e1r 18\u20136-ra vezett\u00fcnk. Ezzel az \u00e1ll\u00e1ssal ment\u00fcnk neki a z\u00e1r\u00f3felvon\u00e1snak is, melyben igaz\u00e1b\u00f3l m\u00e1r csak az volt a k\u00e9rd\u00e9s, mekkora k\u00fcl\u00f6nbs\u00e9ggel nyerj\u00fck a bajnoks\u00e1g utols\u00f3 meccs\u00e9t. V\u00e9g\u00fcl 20 g\u00f3l f\u00f6l\u00e9 jutva a c\u00e9loknak megfelel\u0151en k\u00f6nnyed, sima sikerrel fejezt\u00fck be a szezont.<\/p>\n\n\n\n<p class=\"wp-block-paragraph\">Petrovai M\u00e1rton: \u2013 \u00dagy \u00e9rzem, siker\u00fclt sz\u00e9pen lez\u00e1rni ezt a szezont, ahogyan azt tervezt\u00fck el\u0151zetesen. Ha az eg\u00e9sz \u00e9vet n\u00e9zem, a kicsit \u00e9rdekes ki\u00edr\u00e1snak tal\u00e1n a vesztesei lett\u00fcnk, m\u00e9gsem vagyok csal\u00f3dott, mert el\u00e9rt\u00fck azt, hogy a n\u00e1lunk gyeng\u00e9bb csapatokat megvert\u00fck, az er\u0151sebbekkel pedig j\u00f3 meccseket tudtunk j\u00e1tszani, kis szerencs\u00e9vel m\u00e9g ak\u00e1r brav\u00fargy\u0151zelmeket is arathattunk volna. A j\u00f3 dolgokat szeretn\u00e9nk megtartani a j\u00f6v\u0151ben, illetve fejl\u0151dni abban, amiben m\u00e9g hi\u00e1nyoss\u00e1gaink vannak. A l\u00e1nyok nagyon j\u00f3l dolgoztak az eg\u00e9sz \u00e9v sor\u00e1n, ebb\u0151l kell tov\u00e1bb \u00e9p\u00edtkezn\u00fcnk.<\/p>\n\n\n\n<p class=\"wp-block-paragraph\">Petik Panna: \u2013 Gratul\u00e1lok a l\u00e1nyoknak, az elej\u00e9t\u0151l j\u00f3l koncentr\u00e1ltunk, nagy el\u0151nyt szerezt\u00fcnk, \u00e9s ut\u00e1na is v\u00e9gig k\u00e9zben tartottuk a m\u00e9rk\u0151z\u00e9st. \u00d6sszess\u00e9g\u00e9ben az eg\u00e9sz \u00e9vvel nem lehet\u00fcnk el\u00e9gedetlenek, mert j\u00f3l teljes\u00edtett\u00fcnk.<\/p>\n\n\n\n<p class=\"wp-block-paragraph\">Zantleitner Krisztina: \u2013 Nincs egy s\u00falycsoportban a k\u00e9t csapat. A gy\u0151riek most is megmutatt\u00e1k, hogy j\u00f3val el\u0151tt\u00fcnk j\u00e1rnak. Mi a szezon els\u0151 fel\u00e9t az ob I\/B-ben t\u00f6lt\u00f6tt\u00fck, egy kis \u00edzel\u00edt\u0151t kaptunk abb\u00f3l, milyen az \u00e9lvonal szintje. Dolgozunk tov\u00e1bb, hogy mi is eljussunk ide.<\/p>\n\n\n\n<p class=\"wp-block-paragraph\">Perj\u00e9si Lara: \u2013 Nagyon boldog vagyok, hogy ilyen fiatalon m\u00e1r belek\u00f3stolhattunk az ob I-be. Az elej\u00e9n kicsit megillet\u0151d\u00f6ttek voltunk, ut\u00e1na azonban szerintem mutattunk sz\u00e9p dolgokat.&nbsp;<\/p>\n","protected":false},"excerpt":{"rendered":"<p>Mivel a meccs el\u0151tt eld\u0151lt, hogy a Szeged nyert, \u00edgy nem volt t\u00e9t sz\u00e1munkra, biztosan az als\u00f3h\u00e1z 2. hely\u00e9n, \u00f6sszetettben a 8. poz\u00edci\u00f3ban z\u00e1rjuk a bajnoks\u00e1got.<\/p>\n","protected":false},"author":1,"featured_media":0,"comment_status":"open","ping_status":"open","sticky":false,"template":"","format":"standard","meta":{"footnotes":""},"categories":[6,9],"tags":[],"class_list":["post-258","post","type-post","status-publish","format-standard","hentry","category-felnott-noi","category-ob-i"],"_links":{"self":[{"href":"https:\/\/pepe264.net3d.hu\/index.php?rest_route=\/wp\/v2\/posts\/258","targetHints":{"allow":["GET"]}}],"collection":[{"href":"https:\/\/pepe264.net3d.hu\/index.php?rest_route=\/wp\/v2\/posts"}],"about":[{"href":"https:\/\/pepe264.net3d.hu\/index.php?rest_route=\/wp\/v2\/types\/post"}],"author":[{"embeddable":true,"href":"https:\/\/pepe264.net3d.hu\/index.php?rest_route=\/wp\/v2\/users\/1"}],"replies":[{"embeddable":true,"href":"https:\/\/pepe264.net3d.hu\/index.php?rest_route=%2Fwp%2Fv2%2Fcomments&post=258"}],"version-history":[{"count":1,"href":"https:\/\/pepe264.net3d.hu\/index.php?rest_route=\/wp\/v2\/posts\/258\/revisions"}],"predecessor-version":[{"id":259,"href":"https:\/\/pepe264.net3d.hu\/index.php?rest_route=\/wp\/v2\/posts\/258\/revisions\/259"}],"wp:attachment":[{"href":"https:\/\/pepe264.net3d.hu\/index.php?rest_route=%2Fwp%2Fv2%2Fmedia&parent=258"}],"wp:term":[{"taxonomy":"category","embeddable":true,"href":"https:\/\/pepe264.net3d.hu\/index.php?rest_route=%2Fwp%2Fv2%2Fcategories&post=258"},{"taxonomy":"post_tag","embeddable":true,"href":"https:\/\/pepe264.net3d.hu\/index.php?rest_route=%2Fwp%2Fv2%2Ftags&post=258"}],"curies":[{"name":"wp","href":"https:\/\/api.w.org\/{rel}","templated":true}]}}