{"id":246,"date":"2026-07-26T06:25:44","date_gmt":"2026-07-26T06:25:44","guid":{"rendered":"https:\/\/pepe264.net3d.hu\/?p=246"},"modified":"2026-07-26T13:30:16","modified_gmt":"2026-07-26T13:30:16","slug":"kiestunk-az-obi-b-bol","status":"publish","type":"post","link":"https:\/\/pepe264.net3d.hu\/?p=246","title":{"rendered":"Sportt\u00f6rt\u00e9nelmi \u00e9v az OB I \/B-ben"},"content":{"rendered":"\n<p class=\"wp-block-paragraph\">T\u00f6rt\u00e9nete sor\u00e1n el\u0151sz\u00f6r j\u00e1tszott feln\u0151tt csapatunk az OBI\/B-ben. B\u00e1r voltak sz\u00e9p m\u00e9rk\u0151z\u00e9seink, \u00f6sszess\u00e9g\u00e9ben nem siker\u00fclt a bentmarad\u00e1s.<\/p>\n\n\n\n<p class=\"wp-block-paragraph\"><strong>1. fordul\u00f3 \u2013 2025. szeptember 13.<\/strong><\/p>\n\n\n\n<p class=\"wp-block-paragraph\">UNI-GY\u0150R GYVSE \u2013 PVSK-Mecsek F\u00fcsz\u00e9rt 8\u201318<\/p>\n\n\n\n<p class=\"wp-block-paragraph\">GYVSE: T\u00f3bi\u00e1s Bence \u2013 Truszka Zerind Attila 1, Borb\u00e9ly S\u00e1ndor, Timsina Krist\u00f3f, Stotz Botond 1, Varga Andr\u00e1s Bendeg\u00faz 1, Truszka Csan\u00e1d Kemenes 2, Moln\u00e1r Bal\u00e1zs Boldizs\u00e1r 1, De\u00e9sy \u00c1d\u00e1m 2, Bogn\u00e1r Roland, Szasz\u00e1k Tam\u00e1s, Dinny\u00e9s Benedek Z\u00e9t\u00e9ny, Eli\u00e1s Simon, Ill\u00e9s Huba. Edz\u0151: Vogel Zsolt.<\/p>\n\n\n\n<p class=\"wp-block-paragraph\">Vogel Zsolt: \u2013 El\u00e9gedett vagyok, mert sok\u00e1ig j\u00f3l tartottuk magunkat a tavaly m\u00e9g OB I-es p\u00e9csiek ellen. A harmadik negyedben pr\u00f3b\u00e1ltunk kicsit v\u00e1ltoztatni, hogy pihentetni tudjunk p\u00e1r j\u00e1t\u00e9kost, de ez nem j\u00f6tt be. Fizik\u00e1lisan nagyon er\u0151s volt az ellenf\u00e9l, de annak \u00f6r\u00fcl\u00f6k, hogy k\u00e9t \u00e9s f\u00e9l negyedig ebben is fel tudtuk vel\u00fck venni a versenyt. Ahogyan a meccse el\u0151tt mondtam, azt meg tudom ism\u00e9telni: j\u00e1tszunk m\u00e9g jobban \u00e9s lesznek gyeng\u00e9bb ellenfeleink a bajoks\u00e1gban.<\/p>\n\n\n\n<p class=\"wp-block-paragraph\"><strong>2. fordul\u00f3 \u2013 2025. szeptember 20.<\/strong><\/p>\n\n\n\n<p class=\"wp-block-paragraph\">Feh\u00e9rv\u00e1r VSE \u2013 UNI-GY\u0150R GYVSE 14\u201312<\/p>\n\n\n\n<p class=\"wp-block-paragraph\">GYVSE: T\u00f3bi\u00e1s Bence \u2013 Truszka Zerind Attila, Borb\u00e9ly S\u00e1ndor, Fodor Zsombor, Stotz Botond 3, Varga Andr\u00e1s Bendeg\u00faz 1, Truszka Csan\u00e1d Kemenes 1, Moln\u00e1r Bal\u00e1zs Boldizs\u00e1r 4, De\u00e9sy \u00c1d\u00e1m, Bogn\u00e1r Roland, Szasz\u00e1k Tam\u00e1s, Dinny\u00e9s Benedek Z\u00e9t\u00e9ny, Eli\u00e1s Simon, Ill\u00e9s Huba 3. Edz\u0151: Vogel Zsolt.<\/p>\n\n\n\n<p class=\"wp-block-paragraph\">Vogel Zsolt: \u2013 Nagyon sok\u00e1ig meccsben voltunk, s\u0151t, a vezet\u00e9st is \u00e1t tudtuk venni. Rutintalans\u00e1gb\u00f3l \u00e9s tal\u00e1n f\u00e1radts\u00e1gb\u00f3l ad\u00f3d\u00f3an elkapkodtuk, elizgultuk a lehet\u0151s\u00e9geinket, de ha ezeket \u00e1tbesz\u00e9lj\u00fck a h\u00e9ten \u00e9s jav\u00edtunk ezeken a dolgokon, akkor a h\u00e9tv\u00e9g\u00e9n hazai p\u00e1ly\u00e1n jav\u00edthatunk.<\/p>\n\n\n\n<p class=\"wp-block-paragraph\"><strong>3. fordul\u00f3 \u2013 2025. szeptember 27.<\/strong><\/p>\n\n\n\n<p class=\"wp-block-paragraph\">UNI-GY\u0150R GYVSE \u2013 ELTE-BEAC 6\u201317<\/p>\n\n\n\n<p class=\"wp-block-paragraph\">GYVSE: T\u00f3bi\u00e1s Bence \u2013 Truszka Zerind Attila, Borb\u00e9ly S\u00e1ndor, Kovacevic Ilija, Stotz Botond, Varga Andr\u00e1s Bendeg\u00faz, Truszka Csan\u00e1d Kemenes 4, Sz\u00fccs D\u00e1niel M\u00e1rton, De\u00e9sy \u00c1d\u00e1m, Bogn\u00e1r Roland 1, Bogn\u00e1r B\u00e1lint, Dinny\u00e9s Benedek Z\u00e9t\u00e9ny 1, Eli\u00e1s Simon, Ill\u00e9s Huba. Edz\u0151: Vogel Zsolt.<\/p>\n\n\n\n<p class=\"wp-block-paragraph\">Vogel Zsolt: \u2013 El\u00e9gg\u00e9 zaklatott meccs volt, nem azzal a kerettel \u00e1lltunk ki, amivel szerett\u00fcnk volna. Ellenfel\u00fcnk OB I-es tags\u00e1gra \u00e1csing\u00f3zik, de ez sem ment fel benn\u00fcnket az al\u00f3l, hogy ment\u00e1lisan \u00e9s fizik\u00e1lisan is rosszul \u00e1lltunk hozz\u00e1 ehhez a meccshez. Sokkal t\u00f6bb kell a j\u00f6v\u0151ben minden fronton.<\/p>\n\n\n\n<p class=\"wp-block-paragraph\"><strong>4. fordul\u00f3 \u2013 2025. okt\u00f3ber 4.<\/strong><\/p>\n\n\n\n<p class=\"wp-block-paragraph\">AVUS \u2013 UNI-GY\u0150R GYVSE 16\u20139<\/p>\n\n\n\n<p class=\"wp-block-paragraph\">GYVSE: Eli\u00e1s Simon \u2013 Truszka Zerind Attila 1, Borb\u00e9ly S\u00e1ndor, Kovacevic Ilija, Timsina Krist\u00f3f 1, Horv\u00e1th Csan\u00e1d, Truszka Csan\u00e1d Kemenes 1, Moln\u00e1r Bal\u00e1zs Boldizs\u00e1r 2, De\u00e9sy \u00c1d\u00e1m 1, Bogn\u00e1r Roland 2, Szasz\u00e1k Tam\u00e1s, Dinny\u00e9s Benedek Z\u00e9t\u00e9ny 1, T\u00f3bi\u00e1s Bence, Raffai Ruben. Edz\u0151: Vogel Zsolt.<\/p>\n\n\n\n<p class=\"wp-block-paragraph\">Vogel Zsolt: \u2013 J\u00f3 csapat ellen voltak megint nagyon j\u00f3, de gyeng\u00e9bb peri\u00f3dusaink is. Ut\u00f3bbi m\u00e1r r\u00f6videbb ideig tartott, de pont el\u00e9g volt, hogy eld\u0151lj\u00f6n a meccs. Lassan az\u00e9rt k\u00f6rvonalaz\u00f3dik, mely csapatok ellen lehet es\u00e9ly\u00fcnk a jobb eredm\u00e9nyekre. Rem\u00e9lem, addigra siker\u00fcl m\u00e9g jobban beler\u00e1z\u00f3dni, \u00e9s a rosszabb szakaszokat id\u0151ben m\u00e9g jobban ler\u00f6vid\u00edteni.<\/p>\n\n\n\n<p class=\"wp-block-paragraph\"><strong>5. fordul\u00f3 \u2013 2025. okt\u00f3ber 11.<\/strong><\/p>\n\n\n\n<p class=\"wp-block-paragraph\">UNI-GY\u0150R GYVSE \u2013 Csepel Ifj\u00fas\u00e1gi Sportk\u00f6zpont 12\u201315<\/p>\n\n\n\n<p class=\"wp-block-paragraph\">GYVSE: Eli\u00e1s Simon \u2013 Truszka Zerind Attila 1, Kovacevic Ilija 1, Sz\u00fccs D\u00e1niel M\u00e1rton, Stotz Botond 3, Varga Andr\u00e1s Bendeg\u00faz 1, Truszka Csan\u00e1d Kemenes 1, Moln\u00e1r Bal\u00e1zs Boldizs\u00e1r 4, Ill\u00e9s Huba, Bogn\u00e1r Roland 1, Szasz\u00e1k Tam\u00e1s, Dinny\u00e9s Benedek Z\u00e9t\u00e9ny, T\u00f3bi\u00e1s Bence, Timsina Krist\u00f3f. Edz\u0151: Vogel Zsolt.<\/p>\n\n\n\n<p class=\"wp-block-paragraph\">Vogel Zsolt: \u2013 J\u00f3 kis meccs volt, egy baj van, hogy nem siker\u00fclt pontokat szerezt\u00fcnk. M\u00e9g mindig ink\u00e1bb a v\u00e9dekez\u00e9sen kell jav\u00edtani, illetve jobban kell alkalmazkodni a j\u00e1t\u00e9kvezet\u0151i felfog\u00e1shoz. Most az \u00edt\u00e9letek kicsit benn\u00fcnket zavartak meg, de ebb\u0151l mi is j\u00f6hett\u00fcnk volna ki jobban. Most \u00edgy alakult. A hozz\u00e1\u00e1ll\u00e1ssal, az akar\u00e1ssal \u00e9s a k\u00fczd\u00e9ssel el\u00e9gedett vagyok, n\u00e9h\u00e1ny j\u00e1t\u00e9kos jobb form\u00e1j\u00e1ra m\u00e9g sz\u00fcks\u00e9g lenne.<\/p>\n\n\n\n<p class=\"wp-block-paragraph\"><strong>6. fordul\u00f3 \u2013 2025. okt\u00f3ber 18.<\/strong><\/p>\n\n\n\n<p class=\"wp-block-paragraph\">UNI-GY\u0150R GYVSE \u2013 MATE-GEAC 8\u201313<\/p>\n\n\n\n<p class=\"wp-block-paragraph\">GYVSE: Eli\u00e1s Simon \u2013 Truszka Zerind Attila, Horv\u00e1th Csan\u00e1d, Sz\u00fccs D\u00e1niel M\u00e1rton 1, Bogn\u00e1r B\u00e1lint, Varga Andr\u00e1s Bendeg\u00faz 1, Truszka Csan\u00e1d Kemenes 3, Moln\u00e1r Bal\u00e1zs Boldizs\u00e1r 2, De\u00e9sy \u00c1d\u00e1m, Bogn\u00e1r Roland 1, Szasz\u00e1k Tam\u00e1s Andr\u00e1s, Dinny\u00e9s Benedek Z\u00e9t\u00e9ny, T\u00f3bi\u00e1s Bence Zsolt, Timsina Krist\u00f3f. Edz\u0151: Vogel Zsolt.<\/p>\n\n\n\n<p class=\"wp-block-paragraph\">Vogel Zsolt: \u2013 Az els\u0151 negyed \u00e9rthetetlen volt, nagyon dekoncentr\u00e1ltan ment\u00fcnk bele a meccsbe. Keresem ennek az ok\u00e1t, de nem szeretn\u00e9k elhamarkodott d\u00f6nt\u00e9st hozni. Ilyen kezd\u00e9ssel, ilyen kapott g\u00f3lokkal nem szabad ekkora el\u0151nyt adni egyetlen ellenf\u00e9lnek sem. A MATE ezut\u00e1n m\u00e1r j\u00f3l lemenedzselte a tal\u00e1lkoz\u00f3t. Hi\u00e1ba volt ut\u00e1na ikszes a meccs, az eleje miatt meg\u00e9rdemelt a veres\u00e9g\u00fcnk.<\/p>\n\n\n\n<p class=\"wp-block-paragraph\"><strong>7. fordul\u00f3 \u2013 2025. okt\u00f3ber 25.<\/strong><\/p>\n\n\n\n<p class=\"wp-block-paragraph\">ASI DSE \u2013 UNI-GY\u0150R GYVSE 11\u201310<\/p>\n\n\n\n<p class=\"wp-block-paragraph\">GYVSE: Eli\u00e1s Simon \u2013 Bogn\u00e1r B\u00e1lint, N\u00e9meth Levente, Sz\u00fccs D\u00e1niel M\u00e1rton, Stotz Botond 2, Varga Andr\u00e1s Bendeg\u00faz 3, Truszka Csan\u00e1d Kemenes 1, Moln\u00e1r Bal\u00e1zs Boldizs\u00e1r 2, Ill\u00e9s Huba, Bogn\u00e1r Roland, Szasz\u00e1k Tam\u00e1s Andr\u00e1s 1, Dinny\u00e9s Benedek Z\u00e9t\u00e9ny, T\u00f3bi\u00e1s Bence Zsolt, Timsina Krist\u00f3f 1. Edz\u0151: Vogel Zsolt.<\/p>\n\n\n\n<p class=\"wp-block-paragraph\">Vogel Zsolt: \u2013 Els\u0151 igazi rangad\u00f3nkat sajnos egy g\u00f3llal elbuktuk, pedig megvolt az es\u00e9ly arra, hogy kontroll\u00e1ljuk a meccset, hiszen vezett\u00fcnk is, de a fiatal t\u00e1rsas\u00e1g fejben \u00e9s fizik\u00e1lisan elf\u00e1radtunk. Ebben kell fejl\u0151dn\u00fcnk, illetve nagyobb fegyelem, jobb koncentr\u00e1ci\u00f3 kell, \u00e9s meg kell tanulunk, hogy ilyen fiatalon hogyan tudunk \u00e9lni a lehet\u0151s\u00e9gekkel. Az ut\u00e1np\u00f3tl\u00e1sban hasznos\u00edthatjuk ezeket a tapasztalatokat, de itt is j\u00f3 lenne a siker\u00e9lm\u00e9ny. Az a bosszant\u00f3, hogy nyerhet\u0151 meccs cs\u00faszott ki a kez\u00fcnkb\u0151l.<\/p>\n\n\n\n<p class=\"wp-block-paragraph\"><strong>8. fordul\u00f3 \u2013 2025. november 8.<\/strong><\/p>\n\n\n\n<p class=\"wp-block-paragraph\">UNI-GY\u0150R GYVSE \u2013 O\u00e1zis Sport Club 9\u201310<\/p>\n\n\n\n<p class=\"wp-block-paragraph\">GYVSE: T\u00f3bi\u00e1s Bence Zsolt \u2013 Truszka Zerind Attila, Pa\u00e1r Bal\u00e1zs 1, Raffai Ruben 1, Kovacevic Ilija, Varga Andr\u00e1s Bendeg\u00faz 3, Truszka Csan\u00e1d Kemenes, Moln\u00e1r Bal\u00e1zs Boldizs\u00e1r 1, De\u00e9sy \u00c1d\u00e1m 2, Bogn\u00e1r Roland, Szasz\u00e1k Tam\u00e1s Andr\u00e1s 1, Timsina Krist\u00f3f, Eli\u00e1s Simon. Edz\u0151: Vogel Zsolt.<\/p>\n\n\n\n<p class=\"wp-block-paragraph\">Vogel Zsolt: \u2013 Megint nyerhet\u0151 meccs cs\u00faszott ki a kez\u00fcnkb\u0151l, j\u00f3l k\u00fczd\u00f6tt\u00fcnk, hajtottunk, de elker\u00fclhet\u0151 hib\u00e1kat k\u00f6vett\u00fcnk el. A lehet\u0151s\u00e9gek a v\u00e9g\u00e9n megvoltak, sajnos nem mentek be a helyzetek. Egy g\u00f3llal kikapni mindig f\u00e1j\u00f3, \u00e9s ak\u00e1r ford\u00edtott eredm\u00e9ny is sz\u00fclethetett volna, vagy d\u00f6ntetlenre is menthett\u00fck volna a tal\u00e1lkoz\u00f3t. Dolgozni kell tov\u00e1bb, \u00e9s tal\u00e1n egyszer fordul a szerencse.<\/p>\n\n\n\n<p class=\"wp-block-paragraph\"><strong>9. fordul\u00f3 \u2013 2025. november 15.<\/strong><\/p>\n\n\n\n<p class=\"wp-block-paragraph\">UNI-GY\u0150R GYVSE \u2013 Cegl\u00e9di VSE 9\u201312<\/p>\n\n\n\n<p class=\"wp-block-paragraph\">GYVSE: Eli\u00e1s Simon \u2013 Truszka Zerind Attila, Kovacevic Ilija, Sz\u00fccs D\u00e1niel M\u00e1rton, Stotz Botond 1, Varga Andr\u00e1s Bendeg\u00faz 2, Truszka Csan\u00e1d Kemenes 1, Moln\u00e1r Bal\u00e1zs Boldizs\u00e1r 2, De\u00e9sy \u00c1d\u00e1m 1, Bogn\u00e1r Roland, Borb\u00e9ly S\u00e1ndor, Dinny\u00e9s Benedek Z\u00e9t\u00e9ny 2, T\u00f3bi\u00e1s Bence Zsolt, Timsina Krist\u00f3f. Edz\u0151: Vogel Zsolt.<\/p>\n\n\n\n<p class=\"wp-block-paragraph\">Vogel Zsolt: \u2013 Ism\u00e9t az elej\u00e9n hagytuk elh\u00fazni az ellenfelet. A kapott g\u00f3lok sz\u00e1ma ugyan cs\u00f6kkent, de m\u00e9g mindig kaptunk olyan szitu\u00e1ci\u00f3kb\u00f3l, melyek elker\u00fclhet\u0151ek lettek volna. Jobban kellene odafigyelni ezekn\u00e9l a helyzetekn\u00e9l. K\u00fczd\u00fcnk tov\u00e1bb az els\u0151 pontjaink megszerz\u00e9s\u00e9\u00e9rt.<\/p>\n\n\n\n<p class=\"wp-block-paragraph\"><strong>10. fordul\u00f3 \u2013 2025. november 22.<\/strong><\/p>\n\n\n\n<p class=\"wp-block-paragraph\">Eszterh\u00e1zy SC \u2013 UNI-GY\u0150R GYVSE 15\u20139<\/p>\n\n\n\n<p class=\"wp-block-paragraph\">GYVSE: Mucza Erik Attila \u2013 Truszka Zerind Attila 1, Svec Andr\u00e1s \u00c1ron 1, Kovacevic Ilija, Stotz Botond 2, Varga Andr\u00e1s Bendeg\u00faz, Truszka Csan\u00e1d Kemenes 1, Moln\u00e1r Bal\u00e1zs Boldizs\u00e1r 3, Fodor Zsombor, Bogn\u00e1r Roland, Szasz\u00e1k Tam\u00e1s Andr\u00e1s, Dinny\u00e9s Benedek Z\u00e9t\u00e9ny, Eli\u00e1s Simon, Timsina Krist\u00f3f 1. Edz\u0151: Vogel Zsolt<\/p>\n\n\n\n<p class=\"wp-block-paragraph\">Vogel Zsolt: \u2013 Nem tudok haragudni a sr\u00e1cokra, mert mindent megtesznek, csin\u00e1lj\u00e1k a dolgokat becs\u00fclettel. Vannak j\u00f3 peri\u00f3dusaink, de hogy szorosabb\u00e1 tegy\u00fck a meccset, annak es\u00e9lye valahogy mindig elmegy. Ami m\u00e9g pozit\u00edv, hogy mindenki j\u00e1tszhatott, t\u00f6bbeket meg tudtam n\u00e9zni, de nem tudom eld\u00f6nteni, hogy f\u00e9lig teli vagy f\u00e9lig \u00fcres a poh\u00e1r. A j\u00e1t\u00e9kkal, az akarattal el\u00e9gedett vagyok, most m\u00e1r csak arra kell megold\u00e1st tal\u00e1lni, hogy ez eredm\u00e9nnyel p\u00e1rosuljon.<\/p>\n\n\n\n<p class=\"wp-block-paragraph\"><strong>11. fordul\u00f3 \u2013 2025. november 29.<\/strong><\/p>\n\n\n\n<p class=\"wp-block-paragraph\">YBL WPC \u2013 UNI-GY\u0150R GYVSE 15\u201311<\/p>\n\n\n\n<p class=\"wp-block-paragraph\">GYVSE: Mucza Erik Attila \u2013 Truszka Zerind Attila, Svec Andr\u00e1s \u00c1ron, Kovacevic Ilija, Stotz Botond 2, Varga Andr\u00e1s Bendeg\u00faz 1, Truszka Csan\u00e1d Kemenes, Moln\u00e1r Bal\u00e1zs Boldizs\u00e1r 4, Fodor Zsombor 1, Sz\u00fccs D\u00e1niel M\u00e1rton 2, Szasz\u00e1k Tam\u00e1s Andr\u00e1s, Borb\u00e9ly S\u00e1ndor 1, Eli\u00e1s Simon, Kov\u00e1cs M\u00e1t\u00e9 Csaba. Edz\u0151: Vogel Zsolt.<\/p>\n\n\n\n<p class=\"wp-block-paragraph\">Vogel Zsolt: \u2013 J\u00f3l j\u00e1tszottunk, akartunk, felvett\u00fck a fizik\u00e1lis versenyt fiatal csapatunkkal, h\u00e1rom negyedig tartottuk is magunkat, de tal\u00e1n a pszich\u00e9s \u00e9s fizikai f\u00e1radts\u00e1g miatt a koncentr\u00e1ci\u00f3, a gyorsas\u00e1g, a dinamika al\u00e1bbhagyott. \u00d6sszess\u00e9g\u00e9ben j\u00f3 \u00e9s hasznos meccs volt, ha ilyen mederben tudjuk tartani a m\u00e9rk\u0151z\u00e9seket, hiszem, hogy egyszer fordul a kocka, \u00e9s a mi javunkra d\u0151lnek el ezek a meccsek, de ez\u00e9rt h\u00e9t k\u00f6zben sokat kell tenni.<\/p>\n\n\n\n<p class=\"wp-block-paragraph\"><strong>12. fordul\u00f3 \u2013 2025. december 6.<\/strong><\/p>\n\n\n\n<p class=\"wp-block-paragraph\">UNI-GY\u0150R GYVSE \u2013 Tatab\u00e1nyai VSE 10\u201314<\/p>\n\n\n\n<p class=\"wp-block-paragraph\">GYVSE: Eli\u00e1s Simon \u2013 Truszka Zerind Attila, Sz\u00fccs D\u00e1niel M\u00e1rton 1, Timsina Krist\u00f3f, Stotz Botond, Varga Andr\u00e1s Bendeg\u00faz 1, Truszka Csan\u00e1d Kemenes 3, Moln\u00e1r Bal\u00e1zs Boldizs\u00e1r 2, Fodor Zsombor, Bogn\u00e1r Roland, Szasz\u00e1k Tam\u00e1s Andr\u00e1s1, Dinny\u00e9s Benedek Z\u00e9t\u00e9ny 1, T\u00f3bi\u00e1s Bence Zsolt, Ill\u00e9s Huba 1. Edz\u0151: Vogel Zsolt.<\/p>\n\n\n\n<p class=\"wp-block-paragraph\">Vogel Zsolt: \u2013 Ekkora el\u0151nyt nem szabad adni az ellenf\u00e9lnek. Hi\u00e1ba siker\u00fclt felz\u00e1rk\u00f3zunk, az utols\u00f3 l\u00e9pcs\u0151fokon mindig becs\u00faszott egy-egy hiba. Ennek megvan az oka, de sokat kell dolgozni, hogy ezen t\u00fallend\u00fclj\u00fcnk.<\/p>\n\n\n\n<p class=\"wp-block-paragraph\"><strong>13. fordul\u00f3 \u2013 2025. december 13.<\/strong><\/p>\n\n\n\n<p class=\"wp-block-paragraph\">PTE-PEAC Mighty Bulls \u2013 UNI-GY\u0150R GYVSE 17\u201318<\/p>\n\n\n\n<p class=\"wp-block-paragraph\">GYVSE: Mucza Erik Attila \u2013 Truszka Zerind Attila, Sz\u00fccs D\u00e1niel M\u00e1rton 1, Kovacevic Ilija, Szasz\u00e1k Tam\u00e1s Andr\u00e1s 3, Stotz Botond, Truszka Csan\u00e1d Kemenes 4, Moln\u00e1r Bal\u00e1zs Boldizs\u00e1r 3, Fodor Zsombor 2, Bogn\u00e1r Roland, Svec Andr\u00e1s \u00c1ron, Borb\u00e9ly S\u00e1ndor, T\u00f3bi\u00e1s Bence Zsolt, Ill\u00e9s Huba 5. Edz\u0151: Vogel Zsolt.<\/p>\n\n\n\n<p class=\"wp-block-paragraph\">Vogel Zsolt: \u2013 \u00d6r\u00fcl\u00fcnk, hogy nem pont n\u00e9lk\u00fcl z\u00e1rjuk az \u00e9vet, j\u00f3t tesz ez a lelkeknek, dics\u00e9ret illeti a csapatot, mert hajtott, k\u00fczd\u00f6tt kem\u00e9nyen. Pedig ugyan\u00fagy alakult minden, mint eddig, hagytuk n\u00e9gy g\u00f3llal ell\u00e9pni az ellenfelet, de \u00f6sszeszedt\u00fck magunkat, kett\u0151vel m\u00e1r mi vezett\u00fcnk, de nem voltunk el\u00e9g higgadtak, j\u00f6ttek a technikai hib\u00e1k, \u00edgy nem tudtuk menedzselni az el\u0151nyt. Kisebb-nagyobb szerencs\u00e9vel az \u00f6tm\u00e9teresp\u00e1rbajban megszerezt\u00fck az els\u0151 gy\u0151zelmet. Janu\u00e1rt\u00f3l \u00fajult er\u0151vel, sok tapasztalattal felv\u00e9rtezve folytatjuk.<\/p>\n\n\n\n<p class=\"wp-block-paragraph\"><strong>14. fordul\u00f3 \u2013 2026. febru\u00e1r 7.<\/strong><\/p>\n\n\n\n<p class=\"wp-block-paragraph\">O\u00e1zis Sport Club \u2013 UNI-GY\u0150R GYVSE 13\u201315<\/p>\n\n\n\n<p class=\"wp-block-paragraph\">GYVSE: Eli\u00e1s Simon \u2013 Truszka Zerind Attila 1, Bogn\u00e1r Roland 1, Raffai Ruben 1, Stotz Botond 1, Varga Andr\u00e1s Bendeg\u00faz 2, Truszka Csan\u00e1d Kemenes 2, Moln\u00e1r Bal\u00e1zs Boldizs\u00e1r 4, Ill\u00e9s Huba 2, Sz\u00fccs D\u00e1niel M\u00e1rton, Szasz\u00e1k Tam\u00e1s Andr\u00e1s, Svec Andr\u00e1s \u00c1ron, T\u00f3bi\u00e1s Bence Zsolt, De\u00e9sy \u00c1d\u00e1m 1. Edz\u0151: Truszka Levente.<\/p>\n\n\n\n<p class=\"wp-block-paragraph\">Truszka Levente: \u2013 A beharangoz\u00f3t \u00fagy z\u00e1rtam, hogy izgalmas m\u00e9rk\u0151z\u00e9s el\u00e9be n\u00e9zhet\u00fcnk. Ez \u00edgy is lett. H\u00fasz perces k\u00e9s\u00e9ssel indultunk, a k\u00fcls\u0151 k\u00f6r\u00fclm\u00e9nyek sem nek\u00fcnk kedveztek, ennek ellen\u00e9re az els\u0151 csat\u00e1t megnyert\u00fck. Nagyon b\u00fcszke vagyok a fi\u00fakra. V\u00e9gig fegyelmezetten, koncentr\u00e1ltan j\u00e1tszottunk. Van m\u00e9g hova fejl\u0151d\u00fcnk, mert sok apr\u00f3 hib\u00e1t v\u00e9tett\u00fcnk. Ezeket a h\u00e9ten v\u00e9gig fogjuk venni, hogy a k\u00f6vetkez\u0151 csat\u00e1ra m\u00e9g felk\u00e9sz\u00fcltebben \u00e9rkezz\u00fcnk meg. Dolgozunk tov\u00e1bb a c\u00e9ljaink el\u00e9r\u00e9s\u00e9\u00e9rt.<\/p>\n\n\n\n<p class=\"wp-block-paragraph\"><strong>15. fordul\u00f3 \u2013 2026. febru\u00e1r 14.<\/strong><\/p>\n\n\n\n<p class=\"wp-block-paragraph\">UNI-GY\u0150R GYVSE \u2013 ASI DSE 11\u201317<\/p>\n\n\n\n<p class=\"wp-block-paragraph\">GYVSE: Eli\u00e1s Simon \u2013 Truszka Zerind Attila, Bogn\u00e1r Roland, Fodor Zsombor, Stotz Botond 9, Varga Andr\u00e1s Bendeg\u00faz, Truszka Csan\u00e1d Kemenes 1, Moln\u00e1r Bal\u00e1zs Boldizs\u00e1r, Sass Levente, Kovacevic Ilija, Szasz\u00e1k Tam\u00e1s Andr\u00e1s 1, Svec Andr\u00e1s \u00c1ron, T\u00f3bi\u00e1s Bence Zsolt, Timsina Krist\u00f3f. Edz\u0151: Truszka Levente.<\/p>\n\n\n\n<p class=\"wp-block-paragraph\">Truszka Levente: \u2013 Gratul\u00e1lok a sr\u00e1coknak. Igaz, kikaptunk, de nem j\u00e1tszottunk al\u00e1rendelt szerepet a m\u00e9rk\u0151z\u00e9sen. Szimpl\u00e1n nem volt szerencs\u00e9nk. Sajnos t\u00fal sok g\u00f3lt kaptunk, a v\u00e9dekez\u00e9s\u00fcnkben sok hiba volt. El\u00f6l megvoltak a helyzeteink, de ezeket nem tudtuk kihaszn\u00e1lni. Ellenben k\u00fczdeni akar\u00e1sb\u00f3l jelesre vizsg\u00e1zott a csapat. Nem szabad cs\u00fcggedn\u00fcnk, tov\u00e1bb kell dolgoznunk, hiszen a k\u00f6vetkez\u0151 fordul\u00f3ban ism\u00e9t fontos m\u00e9rk\u0151z\u00e9s v\u00e1r r\u00e1nk. Igyeksz\u00fcnk a tanuls\u00e1gokat levonni ebb\u0151l a m\u00e9rk\u0151z\u00e9sb\u0151l \u00e9s maxim\u00e1lisan felk\u00e9sz\u00fclni a folytat\u00e1sra. Szeretn\u00e9m kiemelni Stotz Botondot, aki a h\u00e1t\u00e1n vitte a brig\u00e1dot. Dolgozunk tov\u00e1bb a c\u00e9ljaink\u00e9rt.<\/p>\n\n\n\n<p class=\"wp-block-paragraph\"><strong>16. fordul\u00f3 \u2013 2026. febru\u00e1r 21.<\/strong><\/p>\n\n\n\n<p class=\"wp-block-paragraph\">MATE-GEAC \u2013 UNI-GY\u0150R GYVSE 21\u201320<\/p>\n\n\n\n<p class=\"wp-block-paragraph\">GYVSE: Mucza Erik Attila \u2013 Truszka Zerind Attila, Bogn\u00e1r Roland 3, Raffai Ruben 1, Stotz Botond 7, Varga Andr\u00e1s Bendeg\u00faz 1, Truszka Csan\u00e1d Kemenes 2, Moln\u00e1r Bal\u00e1zs Boldizs\u00e1r 3, Ill\u00e9s Huba 2, Svec Andr\u00e1s \u00c1ron, Szasz\u00e1k Tam\u00e1s Andr\u00e1s, Horv\u00e1th Csan\u00e1d 1, Eli\u00e1s Simon, De\u00e9sy \u00c1d\u00e1m. Edz\u0151: Truszka Levente.<\/p>\n\n\n\n<p class=\"wp-block-paragraph\">Truszka Levente: \u2013 Ism\u00e9t extr\u00e1t ny\u00fajtottak a fi\u00fak. Az egyetlen dolog, ami miatt m\u00e9gis csal\u00f3dottak vagyunk az az, hogy ehhez sajnos nem t\u00e1rsultak pontok\u2026 Egyetlen kis n\u00e9gyperces r\u00f6vidz\u00e1rlatunk volt az eg\u00e9sz m\u00e9rk\u0151z\u00e9s sor\u00e1n. Ezalatt plusz h\u00e1rmas el\u0151nyt buktunk el. Onnant\u00f3l kezdve igazi adok-kapok alakult ki. A m\u00e9rk\u0151z\u00e9s v\u00e9g\u00e9n m\u00ednusz h\u00e1romr\u00f3l siker\u00fclt visszaj\u00f6nn\u00fcnk X-re. Nagyon szerencs\u00e9tlen szitu\u00e1ci\u00f3b\u00f3l viszont kaptunk egy g\u00f3lt a legv\u00e9g\u00e9n. Rettent\u0151 frusztr\u00e1l\u00f3, hogy minden k\u00fcls\u0151 t\u00e9nyez\u0151t lek\u00fczdve, meg nem \u00edt\u00e9lt b\u00fcntet\u0151k ut\u00e1n, jogtalan h\u00e1tr\u00e1nyokat kiv\u00e9dekezve nem tudtunk pontokat szerezni. Hossz\u00fa m\u00e9g a szezon, dolgozunk tov\u00e1bb a c\u00e9ljaink\u00e9rt!<\/p>\n\n\n\n<p class=\"wp-block-paragraph\"><strong>17. fordul\u00f3 \u2013 2026. febru\u00e1r 28.<\/strong><\/p>\n\n\n\n<p class=\"wp-block-paragraph\">UNI-GY\u0150R GYVSE \u2013 AVUS 13\u201320<\/p>\n\n\n\n<p class=\"wp-block-paragraph\">GYVSE: Eli\u00e1s Simon \u2013 Truszka Zerind Attila 1, Bogn\u00e1r Roland 1, Raffai Ruben, Stotz Botond 2, Varga Andr\u00e1s Bendeg\u00faz, Truszka Csan\u00e1d Kemenes 3, Moln\u00e1r Bal\u00e1zs Boldizs\u00e1r 4, Timsina Krist\u00f3f, Sz\u00fccs D\u00e1niel M\u00e1rton, Svec Andr\u00e1s \u00c1ron, Horv\u00e1th Csan\u00e1d 2, T\u00f3bi\u00e1s Bence Zsolt, De\u00e9sy \u00c1d\u00e1m. Edz\u0151: Truszka Levente.<\/p>\n\n\n\n<p class=\"wp-block-paragraph\">Truszka Levente: \u2013 H\u00e1rom negyedig ism\u00e9t nagyon j\u00f3l tartottuk magunkat az ellenfel\u00fcnk ellen. Ut\u00e1na j\u00f6tt egy buta hiba, \u00e9s sajnos sz\u00e9test\u00fcnk fejben, futottunk az eredm\u00e9ny ut\u00e1n \u00e9s a m\u00e9rk\u0151z\u00e9s v\u00e9g\u00e9re kiny\u00edlt az a bizonyos oll\u00f3. Ett\u0151l f\u00fcggetlen\u00fcl gratul\u00e1lok a fi\u00faknak, mert h\u00e1rom negyedig ez megint csak j\u00f3l n\u00e9zett ki. Vannak m\u00e9g m\u00e9rk\u0151z\u00e9sek, az utols\u00f3 pillanatig k\u00fczdeni fogunk.<\/p>\n\n\n\n<p class=\"wp-block-paragraph\"><strong>18. fordul\u00f3 \u2013 2026. m\u00e1rcius 7.<\/strong><\/p>\n\n\n\n<p class=\"wp-block-paragraph\">UNI-GY\u0150R GYVSE \u2013 PTE-PEAC Mighty Bulls 11\u201310<\/p>\n\n\n\n<p class=\"wp-block-paragraph\">GYVSE: Mucza Erik Attila \u2013 Truszka Zerind Attila 2, Bogn\u00e1r Roland 1, Svec Andr\u00e1s \u00c1ron, Stotz Botond 1, Varga Andr\u00e1s Bendeg\u00faz 2, Truszka Csan\u00e1d Kemenes 1, Moln\u00e1r Bal\u00e1zs Boldizs\u00e1r, Ill\u00e9s Huba 2, Sz\u00fccs D\u00e1niel M\u00e1rton, Szasz\u00e1k Tam\u00e1s Andr\u00e1s, Horv\u00e1th Csan\u00e1d 2, T\u00f3bi\u00e1s Bence Zsolt, De\u00e9sy \u00c1d\u00e1m. Edz\u0151: Truszka Levente.<\/p>\n\n\n\n<p class=\"wp-block-paragraph\">Truszka Levente: \u2013 Rettent\u0151 b\u00fcszke vagyok a csapatra! Az eddigi legjobb els\u0151 negyeddel kezdt\u00fck el a m\u00e9rk\u0151z\u00e9st, mind el\u00f6l, mind h\u00e1tul. De legink\u00e1bb a csapat szint\u0171 v\u00e9dekez\u00e9st emeln\u00e9m ki. Nagyon sok blokkunk volt, ami eddig hi\u00e1nyzott. T\u00e1mad\u00e1sban pedig sz\u00e9p akci\u00f3k ut\u00e1n szerezt\u00fcnk g\u00f3lokat. A sz\u00edv\u00fcnk mellett most a fej\u00fcnk is a hely\u00e9n maradt, \u00edgy h\u00e1rom ponttal a zsebben \u00e9s nagy mosolyokkal az arcunkon sz\u00e1lltunk ki a v\u00edzb\u0151l. Dolgozunk tov\u00e1bb, megy\u00fcnk a c\u00e9lunk fel\u00e9!<\/p>\n\n\n\n<p class=\"wp-block-paragraph\"><strong>19. fordul\u00f3 \u2013 2026. m\u00e1rcius 21.<\/strong><\/p>\n\n\n\n<p class=\"wp-block-paragraph\">UNI-GY\u0150R GYVSE \u2013 Eszterh\u00e1zy SC 16\u201317<\/p>\n\n\n\n<p class=\"wp-block-paragraph\">GYVSE: Mucza Erik Attila \u2013 Truszka Zerind Attila 1, Bogn\u00e1r Roland 2, Fodor Zsombor, Stotz Botond 2, Varga Andr\u00e1s Bendeg\u00faz 1, Truszka Csan\u00e1d Kemenes 3, Moln\u00e1r Bal\u00e1zs Boldizs\u00e1r 3, Borb\u00e9ly S\u00e1ndor, De\u00e9sy \u00c1d\u00e1m 1, Svec Andr\u00e1s \u00c1ron, Horv\u00e1th Csan\u00e1d 3, T\u00f3bi\u00e1s Bence Zsolt, Timsina Krist\u00f3f. Edz\u0151: Truszka Levente.<\/p>\n\n\n\n<p class=\"wp-block-paragraph\">Truszka Levente: \u2013 A szezon tal\u00e1n eddigi legjobb meccs\u00e9t j\u00e1tszottuk. A fi\u00fak az els\u0151 pillanatt\u00f3l kezdve magas h\u0151fokon p\u00f6r\u00f6gtek. Nagyon j\u00f3l mozogtunk v\u00e9dekez\u00e9sben j\u00f3 kapus teljes\u00edtm\u00e9nnyel, t\u00e1mad\u00e1sban pedig sz\u00e9p helyzetekb\u0151l tudtunk eredm\u00e9nyesek lenni. Sajnos a v\u00e9g\u00e9re elf\u00e1radtunk \u00e9s az ellenfel\u00fcnk jobban b\u00edrta a v\u00e9ghajr\u00e1ban. Ett\u0151l f\u00fcggetlen\u00fcl rettent\u0151 b\u00fcszke vagyok a csapatra, mert ha nem is \u00e1llt mell\u00e9nk a szerencse, ami munk\u00e1t beletesznek a fi\u00fak a h\u00e9tk\u00f6znapokban, az becs\u00fclend\u0151 \u00e9s meglesz ennek az eredm\u00e9nye! Nem \u00e1llunk meg, dolgozunk tov\u00e1bb a c\u00e9lunk\u00e9rt. &nbsp;Innen is k\u00f6sz\u00f6n\u00f6m a szurkol\u00f3knak a biztat\u00e1st, nagyon j\u00f3 hangulatot teremtettek.<\/p>\n\n\n\n<p class=\"wp-block-paragraph\"><strong>20. fordul\u00f3 \u2013 2026. m\u00e1rcius 25.<\/strong><\/p>\n\n\n\n<p class=\"wp-block-paragraph\">Tatab\u00e1nyai VSE \u2013 UNI-GY\u0150R GYVSE 22\u20139<\/p>\n\n\n\n<p class=\"wp-block-paragraph\">GYVSE: T\u00f3bi\u00e1s Bence Zsolt \u2013 Truszka Zerind Attila, Bogn\u00e1r Roland 1, Raffai Ruben, Stotz Botond 2, Varga Andr\u00e1s Bendeg\u00faz 1, Truszka Csan\u00e1d Kemenes, Moln\u00e1r Bal\u00e1zs Boldizs\u00e1r 3, Ill\u00e9s Huba 1, De\u00e9sy \u00c1d\u00e1m 1, Fodor Zsombor, Horv\u00e1th Csan\u00e1d, Moln\u00e1r M\u00e1ty\u00e1s, Timsina Krist\u00f3f. Edz\u0151: Truszka Levente.<\/p>\n\n\n\n<p class=\"wp-block-paragraph\">Truszka Levente: \u2013 Sajnos sok pozit\u00edvumot nem tudok a m\u00e9rk\u0151z\u00e9sr\u0151l mondani. K\u00fczd\u00f6tt\u00fcnk, mint malac a j\u00e9gen. Most j\u00f6n egy kisebb sz\u00fcnet. \u00d6sszeszedj\u00fck az eddigi tapasztalatokat \u00e9s a h\u00e1tralev\u0151 m\u00e9rk\u0151z\u00e9seinkre koncentr\u00e1lunk. Igyeksz\u00fcnk a lehet\u0151 legjobban felk\u00e9sz\u00fclni \u00e9s mindent megtesz\u00fcnk a c\u00e9ljaink el\u00e9r\u00e9s\u00e9\u00e9rt. Itt szeretn\u00e9m megragadni az alkalmat \u00e9s gratul\u00e1lni Moln\u00e1r M\u00e1ty\u00e1s serd\u00fcl\u0151 kapusunknak a feln\u0151ttek k\u00f6z\u00f6tti deb\u00fct\u00e1l\u00e1s\u00e1hoz. J\u00f3l \u00e1llt a l\u00e1b\u00e1n \u00e9s nagyszer\u0171en vette a kih\u00edv\u00e1st. Gratul\u00e1lok Matyi, \u00edgy tov\u00e1bb!<\/p>\n\n\n\n<p class=\"wp-block-paragraph\"><strong>21. fordul\u00f3 \u2013 2026. \u00e1prilis 18.<\/strong><\/p>\n\n\n\n<p class=\"wp-block-paragraph\">UNI-GY\u0150R GYVSE \u2013 Feh\u00e9rv\u00e1r VSE 14\u201316<\/p>\n\n\n\n<p class=\"wp-block-paragraph\">GYVSE: T\u00f3bi\u00e1s Bence Zsolt \u2013 Truszka Zerind Attila 2, Bogn\u00e1r Roland, Fodor Zsombor, Stotz Botond 4, Truszka Csan\u00e1d Kemenes, Moln\u00e1r Bal\u00e1zs Boldizs\u00e1r 3, Svec Andr\u00e1s \u00c1ron 1, De\u00e9sy \u00c1d\u00e1m, Sz\u00fccs D\u00e1niel M\u00e1rton, Horv\u00e1th Csan\u00e1d 2, Timsina Krist\u00f3f 2, Moln\u00e1r M\u00e1ty\u00e1s, Raffai Ruben. Edz\u0151: Truszka Levente.<\/p>\n\n\n\n<p class=\"wp-block-paragraph\">Truszka Levente: \u2013 Plusz egy pont a zsebben, egy fontos pont. Gratul\u00e1lok a sr\u00e1coknak! Ism\u00e9t bizony\u00edtott\u00e1k, hogy hely\u00fck van ebben a bajnoks\u00e1gban. Nagyon hull\u00e1mz\u00f3 m\u00e9rk\u0151z\u00e9s volt. Az els\u0151 negyedben adok-kapok, a m\u00e1sodikban t\u00f6bb buta hib\u00e1t is v\u00e9tett\u00fcnk, viszont a m\u00e1sodik f\u00e9lid\u0151ben \u00f6ssze\u00e1llt a v\u00e9dekez\u00e9s\u00fcnk \u00e9s a v\u00e9gs\u0151 dudasz\u00f3ra siker\u00fclt m\u00ednusz n\u00e9gyr\u0151l d\u00f6ntetlenre menteni a m\u00e9rk\u0151z\u00e9st. Sajnos a b\u00fcntet\u0151ket az ellenf\u00e9l l\u0151tte jobban. Nem \u00e1llunk meg, dolgozunk tov\u00e1bb \u00e9s k\u00fczd\u00fcnk a c\u00e9ljaink\u00e9rt!<\/p>\n\n\n\n<p class=\"wp-block-paragraph\"><strong>22. fordul\u00f3 \u2013 2026. \u00e1prilis 25.<\/strong><\/p>\n\n\n\n<p class=\"wp-block-paragraph\">UNI-GY\u0150R GYVSE \u2013 YBL WPC 13\u201320<\/p>\n\n\n\n<p class=\"wp-block-paragraph\">GYVSE: Mucza Erik Attila \u2013 Truszka Zerind Attila 1, Bogn\u00e1r Roland 1, Raffai Ruben, Fodor Zsombor 1, Varga Andr\u00e1s Bendeg\u00faz 1, Truszka Csan\u00e1d Kemenes 1, Moln\u00e1r Bal\u00e1zs Boldizs\u00e1r 6, Sass Levente, Sz\u00fccs D\u00e1niel M\u00e1rton, Svec Andr\u00e1s \u00c1ron 1, De\u00e9sy \u00c1d\u00e1m 1, T\u00f3bi\u00e1s Bence Zsolt, Timsina Krist\u00f3f. Edz\u0151: Truszka Levente.<\/p>\n\n\n\n<p class=\"wp-block-paragraph\">Truszka Levente: \u2013 Kisebb adag csal\u00f3dotts\u00e1g van bennem. B\u00edztunk benne, hogy ism\u00e9t tudunk kisebb fajta csod\u00e1t tenni, de gy\u0151z\u00f6tt a rutin \u00e9s ezt el kell fogadni. Van m\u00e9g h\u00e1tra k\u00e9t m\u00e9rk\u0151z\u00e9s, mi mindent megtesz\u00fcnk az\u00e9rt, hogy becs\u00fclettel z\u00e1rjuk le ezt az \u00e9vet<\/p>\n\n\n\n<p class=\"wp-block-paragraph\"><strong>23. fordul\u00f3 \u2013 2026. m\u00e1jus 9.<\/strong><\/p>\n\n\n\n<p class=\"wp-block-paragraph\">Csepel Ifj\u00fas\u00e1gi Sportk\u00f6zpont \u2013 UNI-GY\u0150R GYVSE 19\u201314<\/p>\n\n\n\n<p class=\"wp-block-paragraph\">GYVSE: Mucza Erik Attila \u2013 Stotz Botond 4, Bogn\u00e1r Roland, Raffai Ruben, Borb\u00e9ly S\u00e1ndor, Varga Andr\u00e1s Bendeg\u00faz, Truszka Csan\u00e1d Kemenes 3, Moln\u00e1r Bal\u00e1zs Boldizs\u00e1r 4, Ill\u00e9s Huba, De\u00e9sy \u00c1d\u00e1m 1, Svec Andr\u00e1s \u00c1ron, Fodor Zsombor, T\u00f3bi\u00e1s Bence Zsolt, Truszka Zerind Attila 2. Edz\u0151: Truszka Levente.<\/p>\n\n\n\n<p class=\"wp-block-paragraph\">Truszka Levente: \u2013 Annyit k\u00e9rtem a fi\u00fakt\u00f3l, hogy \u00e9lvezz\u00e9k ki a m\u00e9rk\u0151z\u00e9s eg\u00e9sz\u00e9t. Becs\u00fclettel helyt \u00e1lltunk. Innent\u0151l kezdve arra f\u00f3kusz\u00e1lunk, hogy az utols\u00f3 m\u00e9rk\u0151z\u00e9sen sz\u00e9pen z\u00e1rhassuk az \u00e9vet.<\/p>\n\n\n\n<p class=\"wp-block-paragraph\"><strong>24. fordul\u00f3 \u2013 2026. m\u00e1jus 15.<\/strong><\/p>\n\n\n\n<p class=\"wp-block-paragraph\">Cegl\u00e9di VSE \u2013 UNI-GY\u0150R GYVSE 15\u201311<\/p>\n\n\n\n<p class=\"wp-block-paragraph\">GYVSE: T\u00f3bi\u00e1s Bence Zsolt \u2013 Fodor Zsombor 1, De\u00e9sy \u00c1d\u00e1m, Raffai Ruben, Timsina Krist\u00f3f 1, Timsina Bence, Truszka Csan\u00e1d Kemenes 1, Moln\u00e1r Bal\u00e1zs Boldizs\u00e1r 5, Ill\u00e9s Huba 1, Bogn\u00e1r Roland, Borb\u00e9ly S\u00e1ndor, Horv\u00e1th Csan\u00e1d, Moln\u00e1r M\u00e1ty\u00e1s, Truszka Zerind Attila 2. Edz\u0151: Truszka Levente.<\/p>\n\n\n\n<p class=\"wp-block-paragraph\">Truszka Levente: <em>\u2013 El\u00e9gg\u00e9 esem\u00e9nyd\u00fas napp\u00e1 alakult az utols\u00f3 fordul\u00f3s m\u00e9rk\u0151z\u00e9s\u00fcnk. A bemeleg\u00edt\u00e9s alatt \u00edt\u00e9letid\u0151 z\u00fadult r\u00e1nk \u00e9s a vill\u00e1ml\u00e1s miatt nem tudtuk az el\u0151re ki\u00edrt helysz\u00ednen lej\u00e1tszani a m\u00e9rk\u0151z\u00e9st. Emiatt \u00dajszilvasra kellett \u00e1tutaznunk, ahol r\u00f6vid bemeleg\u00edt\u00e9s ut\u00e1n kezdt\u00fck el a m\u00e9rk\u0151z\u00e9st. Sajnos a k\u00fcls\u0151 k\u00f6r\u00fclm\u00e9nyekhez az ellenf\u00e9l tudott jobban alkalmazkodni. Mi a m\u00e1sodik negyedt\u0151l kezdt\u00fcnk el j\u00e1tszani. T\u00f6bbsz\u00f6r volt olyan momentuma a m\u00e9rk\u0151z\u00e9snek, hogy ak\u00e1r vissza is j\u00f6het\u00fcnk a m\u00e9rk\u0151z\u00e9sbe, de ekkor vagy egy nem hely\u00e9n val\u00f3 \u00edt\u00e9let, vagy egy rossz helyzetbefejez\u00e9s miatt v\u00e9g\u00fcl az ellenfel\u00fcnk j\u00f3l menedzselte a m\u00e9rk\u0151z\u00e9s elej\u00e9n kialak\u00edtott el\u0151ny\u00e9t.<\/em><\/p>\n\n\n\n<h3 class=\"wp-block-heading\">TABELLA &#8211; ALAPSZAKASZ II. &#8211; 1. CSOPORT &#8211; 11. FORDUL\u00d3<\/h3>\n\n\n\n<figure class=\"wp-block-table\"><table class=\"has-fixed-layout\"><thead><tr><th class=\"has-text-align-center\" data-align=\"center\">HELY<\/th><th class=\"has-text-align-left\" data-align=\"left\">CSAPAT<\/th><th class=\"has-text-align-center\" data-align=\"center\">M.<\/th><th class=\"has-text-align-center\" data-align=\"center\">GY.<\/th><th class=\"has-text-align-center\" data-align=\"center\">D.-GY.<\/th><th class=\"has-text-align-center\" data-align=\"center\">D.-V.<\/th><th class=\"has-text-align-center\" data-align=\"center\">V.<\/th><th class=\"has-text-align-center\" data-align=\"center\">DOBOTT<\/th><th class=\"has-text-align-center\" data-align=\"center\">KAPOTT<\/th><th class=\"has-text-align-center\" data-align=\"center\">GK.<\/th><th class=\"has-text-align-center\" data-align=\"center\">PONT<\/th><\/tr><\/thead><tbody><tr><td class=\"has-text-align-center\" data-align=\"center\">1<\/td><td class=\"has-text-align-left\" data-align=\"left\"><a href=\"https:\/\/waterpolo.hu\/adatbank\/csapatok\/3098\/894\" class=\"\">Csepel Ifj\u00fas\u00e1gi Sportk\u00f6zpont<\/a><\/td><td class=\"has-text-align-center\" data-align=\"center\">11<\/td><td class=\"has-text-align-center\" data-align=\"center\">17<\/td><td class=\"has-text-align-center\" data-align=\"center\">1<\/td><td class=\"has-text-align-center\" data-align=\"center\">1<\/td><td class=\"has-text-align-center\" data-align=\"center\">3<\/td><td class=\"has-text-align-center\" data-align=\"center\">336<\/td><td class=\"has-text-align-center\" data-align=\"center\">245<\/td><td class=\"has-text-align-center\" data-align=\"center\">91<\/td><td class=\"has-text-align-center\" data-align=\"center\">54<\/td><\/tr><tr><td class=\"has-text-align-center\" data-align=\"center\">2<\/td><td class=\"has-text-align-left\" data-align=\"left\"><a href=\"https:\/\/waterpolo.hu\/adatbank\/csapatok\/93\/894\" class=\"\">Tatab\u00e1nyai VSE<\/a><\/td><td class=\"has-text-align-center\" data-align=\"center\">11<\/td><td class=\"has-text-align-center\" data-align=\"center\">16<\/td><td class=\"has-text-align-center\" data-align=\"center\">1<\/td><td class=\"has-text-align-center\" data-align=\"center\">1<\/td><td class=\"has-text-align-center\" data-align=\"center\">4<\/td><td class=\"has-text-align-center\" data-align=\"center\">327<\/td><td class=\"has-text-align-center\" data-align=\"center\">268<\/td><td class=\"has-text-align-center\" data-align=\"center\">59<\/td><td class=\"has-text-align-center\" data-align=\"center\">51<\/td><\/tr><tr><td class=\"has-text-align-center\" data-align=\"center\">3<\/td><td class=\"has-text-align-left\" data-align=\"left\"><a href=\"https:\/\/waterpolo.hu\/adatbank\/csapatok\/48\/894\" class=\"\">Cegl\u00e9di VSE<\/a><\/td><td class=\"has-text-align-center\" data-align=\"center\">11<\/td><td class=\"has-text-align-center\" data-align=\"center\">15<\/td><td class=\"has-text-align-center\" data-align=\"center\">2<\/td><td class=\"has-text-align-center\" data-align=\"center\">1<\/td><td class=\"has-text-align-center\" data-align=\"center\">4<\/td><td class=\"has-text-align-center\" data-align=\"center\">320<\/td><td class=\"has-text-align-center\" data-align=\"center\">272<\/td><td class=\"has-text-align-center\" data-align=\"center\">48<\/td><td class=\"has-text-align-center\" data-align=\"center\">50<\/td><\/tr><tr><td class=\"has-text-align-center\" data-align=\"center\">4<\/td><td class=\"has-text-align-left\" data-align=\"left\"><a href=\"https:\/\/waterpolo.hu\/adatbank\/csapatok\/2723\/894\" class=\"\">Feh\u00e9rv\u00e1r VSE<\/a><\/td><td class=\"has-text-align-center\" data-align=\"center\">11<\/td><td class=\"has-text-align-center\" data-align=\"center\">13<\/td><td class=\"has-text-align-center\" data-align=\"center\">2<\/td><td class=\"has-text-align-center\" data-align=\"center\">1<\/td><td class=\"has-text-align-center\" data-align=\"center\">6<\/td><td class=\"has-text-align-center\" data-align=\"center\">316<\/td><td class=\"has-text-align-center\" data-align=\"center\">279<\/td><td class=\"has-text-align-center\" data-align=\"center\">37<\/td><td class=\"has-text-align-center\" data-align=\"center\">44<\/td><\/tr><tr><td class=\"has-text-align-center\" data-align=\"center\">5<\/td><td class=\"has-text-align-left\" data-align=\"left\"><a href=\"https:\/\/waterpolo.hu\/adatbank\/csapatok\/1914\/894\" class=\"\">YBL WPC<\/a><\/td><td class=\"has-text-align-center\" data-align=\"center\">11<\/td><td class=\"has-text-align-center\" data-align=\"center\">12<\/td><td class=\"has-text-align-center\" data-align=\"center\">2<\/td><td class=\"has-text-align-center\" data-align=\"center\">1<\/td><td class=\"has-text-align-center\" data-align=\"center\">7<\/td><td class=\"has-text-align-center\" data-align=\"center\">289<\/td><td class=\"has-text-align-center\" data-align=\"center\">263<\/td><td class=\"has-text-align-center\" data-align=\"center\">26<\/td><td class=\"has-text-align-center\" data-align=\"center\">41<\/td><\/tr><tr><td class=\"has-text-align-center\" data-align=\"center\">6<\/td><td class=\"has-text-align-left\" data-align=\"left\"><a href=\"https:\/\/waterpolo.hu\/adatbank\/csapatok\/2505\/894\" class=\"\">PTE-PEAC Mighty Bulls<\/a><\/td><td class=\"has-text-align-center\" data-align=\"center\">11<\/td><td class=\"has-text-align-center\" data-align=\"center\">10<\/td><td class=\"has-text-align-center\" data-align=\"center\">0<\/td><td class=\"has-text-align-center\" data-align=\"center\">2<\/td><td class=\"has-text-align-center\" data-align=\"center\">10<\/td><td class=\"has-text-align-center\" data-align=\"center\">275<\/td><td class=\"has-text-align-center\" data-align=\"center\">274<\/td><td class=\"has-text-align-center\" data-align=\"center\">1<\/td><td class=\"has-text-align-center\" data-align=\"center\">32<\/td><\/tr><tr><td class=\"has-text-align-center\" data-align=\"center\">7<\/td><td class=\"has-text-align-left\" data-align=\"left\"><a href=\"https:\/\/waterpolo.hu\/adatbank\/csapatok\/2836\/894\" class=\"\">Eszterh\u00e1zy SC<\/a><\/td><td class=\"has-text-align-center\" data-align=\"center\">11<\/td><td class=\"has-text-align-center\" data-align=\"center\">9<\/td><td class=\"has-text-align-center\" data-align=\"center\">1<\/td><td class=\"has-text-align-center\" data-align=\"center\">1<\/td><td class=\"has-text-align-center\" data-align=\"center\">11<\/td><td class=\"has-text-align-center\" data-align=\"center\">286<\/td><td class=\"has-text-align-center\" data-align=\"center\">302<\/td><td class=\"has-text-align-center\" data-align=\"center\">-16<\/td><td class=\"has-text-align-center\" data-align=\"center\">30<\/td><\/tr><tr><td class=\"has-text-align-center\" data-align=\"center\">8<\/td><td class=\"has-text-align-left\" data-align=\"left\"><a href=\"https:\/\/waterpolo.hu\/adatbank\/csapatok\/3119\/894\" class=\"\">MATE-GEAC<\/a><\/td><td class=\"has-text-align-center\" data-align=\"center\">11<\/td><td class=\"has-text-align-center\" data-align=\"center\">7<\/td><td class=\"has-text-align-center\" data-align=\"center\">1<\/td><td class=\"has-text-align-center\" data-align=\"center\">1<\/td><td class=\"has-text-align-center\" data-align=\"center\">13<\/td><td class=\"has-text-align-center\" data-align=\"center\">260<\/td><td class=\"has-text-align-center\" data-align=\"center\">330<\/td><td class=\"has-text-align-center\" data-align=\"center\">-70<\/td><td class=\"has-text-align-center\" data-align=\"center\">24<\/td><\/tr><tr><td class=\"has-text-align-center\" data-align=\"center\">9<\/td><td class=\"has-text-align-left\" data-align=\"left\"><a href=\"https:\/\/waterpolo.hu\/adatbank\/csapatok\/1367\/894\" class=\"\">AVUS<\/a><\/td><td class=\"has-text-align-center\" data-align=\"center\">11<\/td><td class=\"has-text-align-center\" data-align=\"center\">8<\/td><td class=\"has-text-align-center\" data-align=\"center\">0<\/td><td class=\"has-text-align-center\" data-align=\"center\">0<\/td><td class=\"has-text-align-center\" data-align=\"center\">14<\/td><td class=\"has-text-align-center\" data-align=\"center\">272<\/td><td class=\"has-text-align-center\" data-align=\"center\">279<\/td><td class=\"has-text-align-center\" data-align=\"center\">-7<\/td><td class=\"has-text-align-center\" data-align=\"center\">24<\/td><\/tr><tr><td class=\"has-text-align-center\" data-align=\"center\">10<\/td><td class=\"has-text-align-left\" data-align=\"left\"><a href=\"https:\/\/waterpolo.hu\/adatbank\/csapatok\/2385\/894\" class=\"\">ASI DSE<\/a><\/td><td class=\"has-text-align-center\" data-align=\"center\">11<\/td><td class=\"has-text-align-center\" data-align=\"center\">6<\/td><td class=\"has-text-align-center\" data-align=\"center\">1<\/td><td class=\"has-text-align-center\" data-align=\"center\">1<\/td><td class=\"has-text-align-center\" data-align=\"center\">14<\/td><td class=\"has-text-align-center\" data-align=\"center\">277<\/td><td class=\"has-text-align-center\" data-align=\"center\">323<\/td><td class=\"has-text-align-center\" data-align=\"center\">-46<\/td><td class=\"has-text-align-center\" data-align=\"center\">21<\/td><\/tr><tr><td class=\"has-text-align-center\" data-align=\"center\">11<\/td><td class=\"has-text-align-left\" data-align=\"left\"><a href=\"https:\/\/waterpolo.hu\/adatbank\/csapatok\/1480\/894\" class=\"\">O\u00e1zis Sport Club<\/a><\/td><td class=\"has-text-align-center\" data-align=\"center\">11<\/td><td class=\"has-text-align-center\" data-align=\"center\">4<\/td><td class=\"has-text-align-center\" data-align=\"center\">1<\/td><td class=\"has-text-align-center\" data-align=\"center\">2<\/td><td class=\"has-text-align-center\" data-align=\"center\">15<\/td><td class=\"has-text-align-center\" data-align=\"center\">266<\/td><td class=\"has-text-align-center\" data-align=\"center\">311<\/td><td class=\"has-text-align-center\" data-align=\"center\">-45<\/td><td class=\"has-text-align-center\" data-align=\"center\">16<\/td><\/tr><tr><td class=\"has-text-align-center\" data-align=\"center\">12<\/td><td class=\"has-text-align-left\" data-align=\"left\"><a href=\"https:\/\/waterpolo.hu\/adatbank\/csapatok\/61\/894\" class=\"\">UNI-GY\u0150R GYVSE<\/a><\/td><td class=\"has-text-align-center\" data-align=\"center\">11<\/td><td class=\"has-text-align-center\" data-align=\"center\">2<\/td><td class=\"has-text-align-center\" data-align=\"center\">1<\/td><td class=\"has-text-align-center\" data-align=\"center\">1<\/td><td class=\"has-text-align-center\" data-align=\"center\">18<\/td><td class=\"has-text-align-center\" data-align=\"center\">264<\/td><td class=\"has-text-align-center\" data-align=\"center\">342<\/td><td class=\"has-text-align-center\" data-align=\"center\">-78<\/td><td class=\"has-text-align-center\" data-align=\"center\">9<\/td><\/tr><\/tbody><\/table><\/figure>\n","protected":false},"excerpt":{"rendered":"<p>T\u00f6rt\u00e9nete sor\u00e1n el\u0151sz\u00f6r j\u00e1tszott feln\u0151tt csapatunk az OBI\/B-ben. B\u00e1r voltak sz\u00e9p m\u00e9rk\u0151z\u00e9seink, \u00f6sszess\u00e9g\u00e9ben nem siker\u00fclt a bentmarad\u00e1s. Itt az \u00f6sszes m\u00e9rk\u0151z\u00e9s edz\u0151i \u00e9rt\u00e9kel\u00e9se \u00e9s jegyz\u0151k\u00f6nyve<\/p>\n","protected":false},"author":1,"featured_media":247,"comment_status":"closed","ping_status":"closed","sticky":false,"template":"","format":"standard","meta":{"footnotes":""},"categories":[7,19],"tags":[],"class_list":["post-246","post","type-post","status-publish","format-standard","has-post-thumbnail","hentry","category-felnott-ferfi","category-obi-b"],"_links":{"self":[{"href":"https:\/\/pepe264.net3d.hu\/index.php?rest_route=\/wp\/v2\/posts\/246","targetHints":{"allow":["GET"]}}],"collection":[{"href":"https:\/\/pepe264.net3d.hu\/index.php?rest_route=\/wp\/v2\/posts"}],"about":[{"href":"https:\/\/pepe264.net3d.hu\/index.php?rest_route=\/wp\/v2\/types\/post"}],"author":[{"embeddable":true,"href":"https:\/\/pepe264.net3d.hu\/index.php?rest_route=\/wp\/v2\/users\/1"}],"replies":[{"embeddable":true,"href":"https:\/\/pepe264.net3d.hu\/index.php?rest_route=%2Fwp%2Fv2%2Fcomments&post=246"}],"version-history":[{"count":3,"href":"https:\/\/pepe264.net3d.hu\/index.php?rest_route=\/wp\/v2\/posts\/246\/revisions"}],"predecessor-version":[{"id":252,"href":"https:\/\/pepe264.net3d.hu\/index.php?rest_route=\/wp\/v2\/posts\/246\/revisions\/252"}],"wp:featuredmedia":[{"embeddable":true,"href":"https:\/\/pepe264.net3d.hu\/index.php?rest_route=\/wp\/v2\/media\/247"}],"wp:attachment":[{"href":"https:\/\/pepe264.net3d.hu\/index.php?rest_route=%2Fwp%2Fv2%2Fmedia&parent=246"}],"wp:term":[{"taxonomy":"category","embeddable":true,"href":"https:\/\/pepe264.net3d.hu\/index.php?rest_route=%2Fwp%2Fv2%2Fcategories&post=246"},{"taxonomy":"post_tag","embeddable":true,"href":"https:\/\/pepe264.net3d.hu\/index.php?rest_route=%2Fwp%2Fv2%2Ftags&post=246"}],"curies":[{"name":"wp","href":"https:\/\/api.w.org\/{rel}","templated":true}]}}