{"id":242,"date":"2026-07-26T13:31:19","date_gmt":"2026-07-26T13:31:19","guid":{"rendered":"https:\/\/pepe264.net3d.hu\/?p=242"},"modified":"2026-07-26T20:16:35","modified_gmt":"2026-07-26T20:16:35","slug":"a-serdulo-lany-csapat-megerdemelten-jutott-a-final8-ba","status":"publish","type":"post","link":"https:\/\/pepe264.net3d.hu\/?p=242","title":{"rendered":"A serd\u00fcl\u0151 l\u00e1ny csapat meg\u00e9rdemelten jutott a Final8-ba"},"content":{"rendered":"\n<p class=\"wp-block-paragraph\"><strong>T\u00f6rt\u00e9nete sor\u00e1n el\u0151sz\u00f6r jutott be a GYVSE-Uni Gy\u0151r serd\u00fcl\u0151 \u00e9s ifj\u00fas\u00e1gi l\u00e1ny csapata is a Final Fourba. A serd\u00fcl\u0151kn\u00e9l&nbsp;sokan v\u00e1rt\u00e1k ezt az eredm\u00e9nyt a bajnoks\u00e1g alapszakasz\u00e1ban ny\u00fajtott teljes\u00edtm\u00e9ny\u00fck \u00e9s negyedik poz\u00edci\u00f3juk alapj\u00e1n, az ifikt\u0151l pedig rem\u00e9lt\u00e9k, hogy ahogy az alapszakaszban, \u00fagy a sz\u00e9tl\u00f6v\u00e9sen is le tudj\u00e1k gy\u0151zni a Feh\u00e9rv\u00e1rt. Mindk\u00e9t meccs par\u00e1d\u00e9san siker\u00fclt, \u00edgy k\u00e9t koroszt\u00e1lyunk is a legjobb 8 k\u00f6z\u00f6tt v\u00e9gez id\u00e9n a bajnoks\u00e1gban. Miut\u00e1n mindk\u00e9t csapatot&nbsp;a n\u0151i feln\u0151tt egy\u00fcttes edz\u0151je, Petrovai M\u00e1rton ir\u00e1ny\u00edtja, \u0151t k\u00e9rdezt\u00fck a sikerekr\u0151l.<\/strong><\/p>\n\n\n\n<p class=\"wp-block-paragraph\">\u2013 Benne volt a pakliban, hogy ilyen j\u00f3 eredm\u00e9nyt \u00e9r\u00fcnk el. Eg\u00e9sz \u00e9vben sok volt a hi\u00e1nyz\u00f3 \u00e9s most a v\u00e9g\u00e9n, hogy Fogarasi L\u00e9na a v\u00e1llm\u0171t\u00e9t ut\u00e1n visszat\u00e9rt \u2013 ugyan ha m\u00e9g nincs is cs\u00facsform\u00e1ban \u2013 az \u0151 jelenl\u00e9te a medenc\u00e9ben \u00e9s a parton a k\u00f6z\u00f6ss\u00e9gre is nagyon j\u00f3 hat\u00e1ssal van.<\/p>\n\n\n\n<p class=\"wp-block-paragraph\"><em>\u2013 A lebonyol\u00edt\u00e1s&nbsp; szerint a gyermek, a serd\u00fcl\u0151 \u00e9s az ifj\u00fas\u00e1gi csapat eredm\u00e9nyeit \u00f6sszeadj\u00e1k \u00e9s mut\u00e1n a feh\u00e9rv\u00e1riak a gyermekbajnoks\u00e1gban kimagasl\u00f3an szerepelnek, \u00edgy vel\u00fck kellett j\u00e1tszani ki-ki m\u00e9rk\u0151z\u00e9st, noha a bajnoks\u00e1gban legy\u0151zt\u00fck \u0151ket \u00e9s a tabell\u00e1n el\u0151tt\u00fck v\u00e9gezt\u00fcnk.<\/em><\/p>\n\n\n\n<p class=\"wp-block-paragraph\">\u2013 Kicsit igazs\u00e1gtalannak tartom a lebonyol\u00edt\u00e1s\u00e1si\u00a0rendszert, hiszen a serd\u00fcl\u0151k\u00a0 a negyedik helyen v\u00e9geztek az alapszakasz v\u00e9g\u00e9n, most meg \u00edgy a Feh\u00e9rv\u00e1r legy\u0151z\u00e9s\u00e9vel a j\u00e1t\u00e9k jogukon nyolcadikk\u00e9nt cs\u00faszunk be a legjobb nyolc k\u00f6z\u00e9, \u00e9s nem az \u00f6t\u00f6dikkel, hanem az els\u0151vel j\u00e1tszunk majd a n\u00e9gy k\u00f6z\u00e9 jut\u00e1s\u00e9rt, ami nyilv\u00e1n nem ugyanaz, de ez a ki\u00edr\u00e1s, ennek kell megfelelni, \u00edgy nem bosszankodunk rajta. Meg\u00e9rdemelten\u00a0vagyunk a legjobb 8 k\u00f6z\u00f6tt ez a l\u00e9nyeg.<\/p>\n\n\n\n<p class=\"wp-block-paragraph\"><em>\u2013 Svec Anna S\u00e1ba rengeteg g\u00f3lt dobott, \u00edgy ez\u00fattal&nbsp;is \u0151 volt a csapat egyik vez\u00e9re. V\u00e1rtad t\u0151le ezt a teljes\u00edtm\u00e9nyt?<\/em><\/p>\n\n\n\n<p class=\"wp-block-paragraph\">\u2013 S\u00e1ba elk\u00e9peszt\u0151 szezont hagyott maga m\u00f6g\u00f6tt. Nem egyszer h\u00e1rom m\u00e9rk\u0151z\u00e9st j\u00e1tszott egy h\u00e9tv\u00e9g\u00e9n, ami ugye azt jelentette, hogy a k\u00e9t koroszt\u00e1lyos meccs mellett a feln\u0151ttekn\u00e9l is sz\u00e1molhattam vele. \u00c9s ez nem egyszer n\u00e9gy negyedes jelenl\u00e9tet jelentett a v\u00edzben. \u0150 egy igazi univerz\u00e1lis j\u00e1t\u00e9kos, aki nemcsak a g\u00f3lokat l\u00f6vi, hanem a v\u00e9dekez\u00e9sben is nagyon j\u00f3 teljes\u00edtm\u00e9nyre k\u00e9pes. Az persze, hogy mit hoz a j\u00f6v\u0151 vele kapcsolatban csak rem\u00e9lj\u00fck, hogy a fejl\u0151d\u00e9se t\u00f6retlen marad. Az mindenk\u00e9ppen szerencs\u00e9s, hogy a csal\u00e1di h\u00e1ttere az sportot t\u00e1mogat\u00f3, anyuk\u00e1kja k\u00e9zilabd\u00e1z\u00f3 volt, \u00edgy sok seg\u00edts\u00e9get kaphat t\u0151le is.<\/p>\n\n\n\n<p class=\"wp-block-paragraph\"><em>\u2013 Gerh\u00e1th Zolt\u00e1n az ETO f\u00e9rfi k\u00e9zilabda csapat\u00e1nak volt az ezredfordul\u00f3 idej\u00e9n kiv\u00e1l\u00f3 kapusa, \u0151 mes\u00e9lte, hogy volt egy szegedi ellenfele, Oszl\u00e1nczi dr., aki a sz\u00e9len j\u00e1tszott, \u00e9s miut\u00e1n vizilabd\u00e1z\u00f3b\u00f3l lett k\u00e9zilabd\u00e1s, teljesen m\u00e1sk\u00e9pp emelte a kez\u00e9t, mint a t\u00f6bbi sz\u00e9ls\u0151. Hasznosnak tal\u00e1lod, ha valaki k\u00e9t sport\u00e1gban is j\u00e1tszik?<\/em><\/p>\n\n\n\n<p class=\"wp-block-paragraph\">\u2013 Igen, S\u00e1ba is j\u00e1tszott, m\u00e9g gyermekk\u00e9nt, az\u00e9rt is v\u00e1lt ilyen j\u00f3 v\u00edzilabd\u00e1z\u00f3. Azt gondolom sokat seg\u00edthet a gyerekeknek f\u0151k\u00e9nt a p\u00e1lyafut\u00e1suk elej\u00e9n, ha m\u00e1s sport\u00e1gban&nbsp;is edzenek, pl. k\u00e9zilabd\u00e1znak vagy kosaraznak, komplexebb j\u00e1t\u00e9kos v\u00e1lik bel\u0151l\u00fck.<\/p>\n\n\n\n<p class=\"wp-block-paragraph\"><em>\u2013 Mennyit edzettek a&nbsp;l\u00e1nyok, hogy id\u00e1ig eljussanak?<\/em><\/p>\n\n\n\n<p class=\"wp-block-paragraph\">\u2013 Nagyon sokat jelentett a fejl\u0151d\u00e9s\u00fck szempontj\u00e1b\u00f3l, hogy kedden \u00e9s cs\u00fct\u00f6rt\u00f6k\u00f6n \u0151k m\u00e1r reggel is edzenek. Ez a heti 7 edz\u00e9s pedig a m\u00e9rk\u0151z\u00e9sek mellett mennyi terhel\u00e9st ad, amennyi ehhez a teljes\u00edtm\u00e9nyhez sz\u00fcks\u00e9ges. Nem mi vagyunk a legjobb csapat birk\u00f3z\u00e1sban, de nem is baj, mert mi nem ezt az utat j\u00e1rjuk.<\/p>\n\n\n\n<p class=\"wp-block-paragraph\"><em>\u2013 H\u00e1rom n\u0151i csapatn\u00e1l vagy edz\u0151. Ez mekkora megterhel\u00e9s sz\u00e1modra?<\/em><\/p>\n\n\n\n<p class=\"wp-block-paragraph\">\u2013 M\u00e9g b\u00edrom, de nem egyszer\u0171. Egerben voltam hasonl\u00f3 helyzetben, de ott fi\u00fakkal, mert \u00e9n voltam a f\u00e9rfi csapat m\u00e1sodedz\u0151je, \u00e9s mellette k\u00e9t koroszt\u00e1lyt vittem t\u00f6bb, mint hat \u00e9vig. De a k\u00e9t helyzet az\u00e9rt nem hasonl\u00edthat\u00f3 \u00f6ssze, mert ott m\u00e9g nem volt csal\u00e1dom.<\/p>\n\n\n\n<p class=\"wp-block-paragraph\"><em>\u2013 A csapatban vannak n\u00e9h\u00e1nyan, akik nem el\u0151sz\u00f6r j\u00e1tszanak Final8-t. Ez jelenthet sz\u00e1mukra&nbsp;n\u00e9mi el\u0151nyt?<\/em><\/p>\n\n\n\n<p class=\"wp-block-paragraph\">\u2013 Biztosan j\u00f3,&nbsp;hogy gyermekk\u00e9nt m\u00e1r voltak a legjobb 8 k\u00f6z\u00f6tt \u00e9s j\u00e1tszottak ilyen m\u00e9rk\u0151z\u00e9seket, hogy h\u00e1rom egym\u00e1st k\u00f6vet\u0151 nap is meccs van. De min\u00e9l id\u0151sebb egy j\u00e1t\u00e9kos, ann\u00e1l \u00e9rettebb. M\u00e1sk\u00e9pp gondolkodnak m\u00e1r \u2013 \u00edgy egy serd\u00fcl\u0151 vagy egy ifi Final8 szerepl\u00e9s minden szempontb\u00f3l \u00e9rt\u00e9kesebb.<\/p>\n\n\n\n<p class=\"wp-block-paragraph\"><em>\u2013 Milyen lesz a 14-es keret? A legjobb \u00f6ssze\u00e1ll\u00edt\u00e1sban mentek azt gondolom, de van-e hi\u00e1nyz\u00f3<\/em><\/p>\n\n\n\n<p class=\"wp-block-paragraph\">\u2013 Szerb Dorka sajnos \u00e9v k\u00f6zben abbahagyta a j\u00e1t\u00e9kot, \u0151 egy nagyon tehets\u00e9ges j\u00e1t\u00e9kos volt, de el kellett fogadnunk a d\u00f6nt\u00e9s\u00e9t. Vele er\u0151sebbek lenn\u00e9nk. De ahogy eml\u00edtettem L\u00e9na visszat\u00e9rt, \u00edgy r\u00e1 mindenk\u00e9ppen sz\u00e1m\u00edthatunk.<\/p>\n\n\n\n<p class=\"wp-block-paragraph\"><em>\u2013 Ott alszik a csapat, vagy j\u00f6tt\u00f6k haza minden nap?<\/em><\/p>\n\n\n\n<p class=\"wp-block-paragraph\">\u2013 B\u00e1r visszamondt\u00e1k az eredeti sz\u00e1ll\u00e1sunkat, siker\u00fclt egy m\u00e1sik helyet tal\u00e1lnunk, \u00edgy ott alszunk, \u00e9s megpr\u00f3b\u00e1lunk a lehet\u0151 legjobban felk\u00e9sz\u00fclni a szombati \u00e9s vas\u00e1rnapi m\u00e9rk\u0151z\u00e9sre is.<\/p>\n\n\n\n<p class=\"wp-block-paragraph\"><em>\u2013 Mit fogsz mondani nekik a m\u00e9rk\u0151z\u00e9sek el\u0151tt?<\/em><\/p>\n\n\n\n<p class=\"wp-block-paragraph\">\u2013 Azt, hogy \u00e9lvezz\u00e9k a m\u00e9rk\u0151z\u00e9seket, \u00e9s amit tudnak, azt most is mutass\u00e1k meg a medenc\u00e9ben. Jusson esz\u00fckbe, hogy meg\u00e9rdemelten vagyunk itt, mert eg\u00e9sz \u00e9vben nagyszer\u0171en teljes\u00edtettek. J\u00e1tszanak vid\u00e1man \u00e9s boldogan, mert annak most is meglesz az eredm\u00e9nye.<\/p>\n","protected":false},"excerpt":{"rendered":"<p>T\u00f6rt\u00e9nete sor\u00e1n el\u0151sz\u00f6r jutott be a GYVSE-Uni Gy\u0151r serd\u00fcl\u0151 \u00e9s ifj\u00fas\u00e1gi l\u00e1ny csapata is a Final Fourba. A serd\u00fcl\u0151kn\u00e9l\u00a0sokan v\u00e1rt\u00e1k ezt az eredm\u00e9nyt a bajnoks\u00e1g alapszakasz\u00e1ban ny\u00fajtott teljes\u00edtm\u00e9ny\u00fck \u00e9s negyedik poz\u00edci\u00f3juk alapj\u00e1n, az ifikt\u0151l pedig rem\u00e9lt\u00e9k, hogy ahogy az alapszakaszban, \u00fagy a sz\u00e9tl\u00f6v\u00e9sen is le tudj\u00e1k gy\u0151zni a Feh\u00e9rv\u00e1rt. <\/p>\n","protected":false},"author":1,"featured_media":243,"comment_status":"closed","ping_status":"closed","sticky":false,"template":"","format":"standard","meta":{"footnotes":""},"categories":[10,16,3],"tags":[],"class_list":["post-242","post","type-post","status-publish","format-standard","has-post-thumbnail","hentry","category-final-8","category-interju","category-lanok"],"_links":{"self":[{"href":"https:\/\/pepe264.net3d.hu\/index.php?rest_route=\/wp\/v2\/posts\/242","targetHints":{"allow":["GET"]}}],"collection":[{"href":"https:\/\/pepe264.net3d.hu\/index.php?rest_route=\/wp\/v2\/posts"}],"about":[{"href":"https:\/\/pepe264.net3d.hu\/index.php?rest_route=\/wp\/v2\/types\/post"}],"author":[{"embeddable":true,"href":"https:\/\/pepe264.net3d.hu\/index.php?rest_route=\/wp\/v2\/users\/1"}],"replies":[{"embeddable":true,"href":"https:\/\/pepe264.net3d.hu\/index.php?rest_route=%2Fwp%2Fv2%2Fcomments&post=242"}],"version-history":[{"count":2,"href":"https:\/\/pepe264.net3d.hu\/index.php?rest_route=\/wp\/v2\/posts\/242\/revisions"}],"predecessor-version":[{"id":306,"href":"https:\/\/pepe264.net3d.hu\/index.php?rest_route=\/wp\/v2\/posts\/242\/revisions\/306"}],"wp:featuredmedia":[{"embeddable":true,"href":"https:\/\/pepe264.net3d.hu\/index.php?rest_route=\/wp\/v2\/media\/243"}],"wp:attachment":[{"href":"https:\/\/pepe264.net3d.hu\/index.php?rest_route=%2Fwp%2Fv2%2Fmedia&parent=242"}],"wp:term":[{"taxonomy":"category","embeddable":true,"href":"https:\/\/pepe264.net3d.hu\/index.php?rest_route=%2Fwp%2Fv2%2Fcategories&post=242"},{"taxonomy":"post_tag","embeddable":true,"href":"https:\/\/pepe264.net3d.hu\/index.php?rest_route=%2Fwp%2Fv2%2Ftags&post=242"}],"curies":[{"name":"wp","href":"https:\/\/api.w.org\/{rel}","templated":true}]}}