{"id":234,"date":"2026-07-25T23:44:06","date_gmt":"2026-07-25T23:44:06","guid":{"rendered":"https:\/\/pepe264.net3d.hu\/?p=234"},"modified":"2026-07-25T23:44:07","modified_gmt":"2026-07-25T23:44:07","slug":"ai-sunabe-a-gyori-szezon-tapasztalatairol-ai-sunabe-reflects-on-her-season-in-gyor-%e7%a0%82%e9%82%8a%e4%ba%9c%e8%a1%a3%e3%80%81gyor%ef%bc%88%e3%82%b8%e3%82%a7%e3%83%bc%e3%83%ab%ef%bc%89%e3%81%a7","status":"publish","type":"post","link":"https:\/\/pepe264.net3d.hu\/?p=234","title":{"rendered":"Ai Sunabe a gy\u0151ri szezon tapasztalatair\u00f3l \/ Ai Sunabe Reflects on Her Season in Gy\u0151r \/ \u7802\u908a\u4e9c\u8863\u3001Gy\u0151r\uff08\u30b8\u30a7\u30fc\u30eb\uff09\u3067\u306e\u30b7\u30fc\u30ba\u30f3\u3092\u632f\u308a\u8fd4\u308b"},"content":{"rendered":"\n<p class=\"wp-block-paragraph\"><strong>Ai Sunabe mozgalmas id\u0151szakot tudhat maga m\u00f6g\u00f6tt: a Gy\u0151rben t\u00f6lt\u00f6tt szezon ut\u00e1n Jap\u00e1nban folytatja a felk\u00e9sz\u00fcl\u00e9st, mik\u00f6zben visszatekint magyarorsz\u00e1gi tapasztalataira, a csapattal meg\u00e9lt pillanatokra \u00e9s a k\u00f6vetkez\u0151 szezon c\u00e9ljaira. \/\/ After completing her season in Gy\u0151r, Ai Sunabe has returned to Japan, where she continues her preparation for the upcoming challenges. She looked back on her experiences in Hungary, her time with the team, and her goals for the next season.\/\/ Gy\u0151r\uff08\u30b8\u30a7\u30fc\u30eb\uff09\u3067\u306e\u30b7\u30fc\u30ba\u30f3\u3092\u7d42\u3048\u3001\u65e5\u672c\u306b\u5e30\u56fd\u3057\u305f\u7802\u908a \u4e9c\u8863\u3002\u73fe\u5728\u306f\u65e5\u672c\u3067\u306e\u7df4\u7fd2\u3084\u8a66\u5408\u306b\u53d6\u308a\u7d44\u307f\u306a\u304c\u3089\u3001\u30cf\u30f3\u30ac\u30ea\u30fc\u3067\u306e\u7d4c\u9a13\u3001\u30c1\u30fc\u30e0\u3067\u904e\u3054\u3057\u305f\u6642\u9593\u3001\u305d\u3057\u3066\u6b21\u306e\u30b7\u30fc\u30ba\u30f3\u3078\u306e\u76ee\u6a19\u306b\u3064\u3044\u3066\u632f\u308a\u8fd4\u3063\u305f\u3002<\/strong><\/p>\n\n\n\n<p class=\"wp-block-paragraph\"><em><strong>For English and Japanese, scroll down.&nbsp;<\/strong><\/em><\/p>\n\n\n\n<p class=\"wp-block-paragraph\">Ai Sunabe sz\u00e1m\u00e1ra a Jap\u00e1nba val\u00f3 hazat\u00e9r\u00e9s nem teljes pihen\u00e9ssel indult, hiszen a hazai versenyszezon \u00e9ppen akkor kezd\u0151d\u00f6tt. Elmond\u00e1sa szerint \u0151szint\u00e9n tele volt aggodalommal \u00e9s szorong\u00e1ssal amiatt, hogy k\u00e9pes lesz-e tartani a l\u00e9p\u00e9st jap\u00e1n csapat\u00e1val.<\/p>\n\n\n\n<p class=\"wp-block-paragraph\">Magyarorsz\u00e1gon t\u00f6lt\u00f6tt id\u0151szaka alatt legink\u00e1bb a bar\u00e1tai \u00e9s a csal\u00e1dja hi\u00e1nyoztak neki, hiszen hossz\u00fa ideig nem tal\u00e1lkozhatott vel\u00fck. A Gy\u0151rben t\u00f6lt\u00f6tt szezonra azonban nagyon sz\u00e9p eml\u00e9kekkel gondol vissza. \u00dagy fogalmazott, hogy mivel a csapat tagjai fiatalok voltak \u00e9s korban is k\u00f6zel \u00e1lltak egym\u00e1shoz, nemcsak a v\u00edzilabd\u00e1ban, hanem a mindennapi \u00e9letben is t\u00e1mogatt\u00e1k egym\u00e1st. Kedvenc pillanatak\u00e9nt azt emelte ki, amikor edz\u00e9s k\u00f6zben zene sz\u00f3lt, \u00e9s mindenki egy\u00fctt mozgott a ritmusra. Ai sz\u00e1m\u00e1ra minden \u00faj \u00e9lm\u00e9nyt jelentett Gy\u0151rben, \u00e9s k\u00fcl\u00f6n\u00f6sen er\u0151sen \u00e9rezte a nyelvi akad\u00e1lyokat. Ennek ellen\u00e9re csapatt\u00e1rsai sokat seg\u00edtettek neki, \u00edgy \u00f6sszess\u00e9g\u00e9ben csod\u00e1latos szezonk\u00e9nt tekint vissza erre az id\u0151szakra. Ha egyetlen kifejez\u00e9ssel kellene le\u00edrnia a gy\u0151ri tapasztalatait, azt mondan\u00e1: \u201eEgy nagy kih\u00edv\u00e1s.\u201d<\/p>\n\n\n\n<p class=\"wp-block-paragraph\">Ai sz\u00e1m\u00e1ra pozit\u00edv tapasztal\u00e1s volt, hogy az edz\u0151k \u00e9s az id\u0151sebbek ir\u00e1nti tisztelet kimutat\u00e1sa hasonl\u00edt a jap\u00e1n szok\u00e1sokhoz. A csapatt\u00e1rsaiban \u00e9s a klub l\u00e9gk\u00f6r\u00e9ben azt szerette legink\u00e1bb, hogy mindenki, bele\u00e9rtve az edz\u0151t is, a csapat r\u00e9sz\u00e9nek \u00e9rezte mag\u00e1t. A j\u00e1t\u00e9kosok j\u00f3l kij\u00f6ttek egym\u00e1ssal, folyamatosan kommunik\u00e1ltak, \u00e9s Ai szerint ez igaz\u00e1n csod\u00e1latos csapatk\u00f6rnyezetet teremtett.<\/p>\n\n\n\n<p class=\"wp-block-paragraph\">A ny\u00e1ri id\u0151szaka Jap\u00e1nban is mozgalmasan telik majd, hiszen edz\u00e9sek, edz\u0151t\u00e1borok \u00e9s m\u00e9rk\u0151z\u00e9sek v\u00e1rnak r\u00e1. Szeptemberben Jap\u00e1nban rendezik meg az \u00c1zsiai J\u00e1t\u00e9kokat, amelyet \u00c1zsia olimpi\u00e1jak\u00e9nt is emlegetnek, ez\u00e9rt Ai tov\u00e1bbra is kem\u00e9nyen k\u00e9sz\u00fcl minden nap. A k\u00f6vetkez\u0151 szezonra csapatszinten az a c\u00e9lja, hogy az egy\u00fcttes az els\u0151 \u00f6t hely valamelyik\u00e9n v\u00e9gezzen, szem\u00e9lyesen pedig szeretn\u00e9 jav\u00edtani a l\u00f6v\u00e9si sz\u00e1zal\u00e9k\u00e1t \u00e9s a g\u00f3lpasszok kialak\u00edt\u00e1s\u00e1ban val\u00f3 k\u00e9pess\u00e9g\u00e9t. V\u00e9g\u00fcl arra k\u00e9rte a szurkol\u00f3kat, hogy tov\u00e1bbra is t\u00e1mogass\u00e1k \u0151t \u00e9s a csapatot.<\/p>\n\n\n\n<p class=\"wp-block-paragraph\">______<\/p>\n\n\n\n<p class=\"wp-block-paragraph\">For Ai Sunabe, returning home to Japan did not mean a completely relaxing break, as the domestic competition season was just about to begin. To be honest, when she returned to Japan, she was full of worries and anxiety about whether she would be able to keep up with her team there. During her time in Hungary, she missed her friends and family the most, as she could not see them.<\/p>\n\n\n\n<p class=\"wp-block-paragraph\">However, she looks back on her season in Gy\u0151r with many wonderful memories. Since the team was young and close in age, the players supported each other both in water polo and in their daily lives. Her favourite moment was when music played during practice and everyone moved to the rhythm together. For Ai, everything was a new experience in Gy\u0151r, and she especially felt the language barrier. However, her teammates supported her, and she had a wonderful season. If she had to describe her experience in one phrase, she would say, \u201cA Big Challenge.\u201d<\/p>\n\n\n\n<p class=\"wp-block-paragraph\">For Ai, it was a positive experience to see that the way respect is shown to coaches and elders is similar to Japanese customs. What she appreciated most about her teammates and the atmosphere at the club was that everyone, including the coach, felt like part of the team. The players got along well, communicated constantly, and according to Ai, this created a truly wonderful team environment.<\/p>\n\n\n\n<p class=\"wp-block-paragraph\">Her summer vacation in Japan will also be a busy one, filled with practices, training camps, and matches. In September, the Asian Games, which are like the Olympics of Asia, will be held in Japan, so she will continue training hard every day to prepare for it. For next season, her goal is for the team to finish in the top five, and personally, she wants to improve her shooting percentage and her ability to make assists.<\/p>\n\n\n\n<p class=\"wp-block-paragraph\">Finally, she asked the supporters to continue supporting her and the team.<\/p>\n\n\n\n<p class=\"wp-block-paragraph\">______<\/p>\n\n\n\n<p class=\"wp-block-paragraph\">\u7802\u908a\u306b\u3068\u3063\u3066\u3001\u65e5\u672c\u3078\u306e\u5e30\u56fd\u306f\u5b8c\u5168\u306a\u4f11\u6687\u306e\u59cb\u307e\u308a\u3067\u306f\u306a\u304b\u3063\u305f\u3002\u5e30\u56fd\u5f8c\u3059\u3050\u306b\u65e5\u672c\u3067\u306e\u8a66\u5408\u30b7\u30fc\u30ba\u30f3\u304c\u59cb\u307e\u308b\u305f\u3081\u3001\u6b63\u76f4\u306a\u3068\u3053\u308d\u3001\u65e5\u672c\u306e\u30c1\u30fc\u30e0\u306b\u3064\u3044\u3066\u3044\u3051\u308b\u304b\u5c11\u3057\u5fc3\u914d\u3068\u4e0d\u5b89\u3067\u3044\u3063\u3071\u3044\u3060\u3063\u305f\u3068\u3044\u3046\u3002\u30cf\u30f3\u30ac\u30ea\u30fc\u6ede\u5728\u4e2d\u306b\u4e00\u756a\u5bc2\u3057\u304b\u3063\u305f\u306e\u306f\u3001\u53cb\u9054\u3084\u5bb6\u65cf\u306b\u4f1a\u3048\u306a\u304b\u3063\u305f\u3053\u3068\u3060\u3063\u305f\u3002<\/p>\n\n\n\n<p class=\"wp-block-paragraph\">\u30b8\u30a7\u30fc\u30eb\u3067\u306e\u30b7\u30fc\u30ba\u30f3\u306b\u3064\u3044\u3066\u306f\u3001\u3068\u3066\u3082\u826f\u3044\u601d\u3044\u51fa\u3068\u3057\u3066\u632f\u308a\u8fd4\u3063\u3066\u3044\u308b\u3002\u30c1\u30fc\u30e0\u30e1\u30a4\u30c8\u306f\u307f\u3093\u306a\u82e5\u304f\u3001\u5e74\u9f62\u3082\u8fd1\u304b\u3063\u305f\u305f\u3081\u3001\u6c34\u7403\u3067\u3082\u79c1\u751f\u6d3b\u3067\u3082\u304a\u4e92\u3044\u306b\u652f\u3048\u5408\u3046\u3053\u3068\u304c\u3067\u304d\u305f\u3068\u3044\u3046\u3002\u305d\u306e\u4e2d\u3067\u4e00\u756a\u597d\u304d\u3060\u3063\u305f\u77ac\u9593\u306f\u3001\u7df4\u7fd2\u4e2d\u306b\u97f3\u697d\u304c\u6d41\u308c\u3001\u307f\u3093\u306a\u3067\u97f3\u697d\u306b\u5408\u308f\u305b\u3066\u30ea\u30ba\u30e0\u306b\u4e57\u3063\u3066\u3044\u308b\u6642\u9593\u3060\u3063\u305f\u3002<\/p>\n\n\n\n<p class=\"wp-block-paragraph\">\u7802\u908a\u306b\u3068\u3063\u3066\u3001\u30b8\u30a7\u30fc\u30eb\u3067\u306e\u751f\u6d3b\u3084\u30d7\u30ec\u30fc\u306f\u3059\u3079\u3066\u304c\u521d\u3081\u3066\u306e\u7d4c\u9a13\u3060\u3063\u305f\u3002\u7279\u306b\u8a00\u8a9e\u306e\u58c1\u3092\u5f37\u304f\u611f\u3058\u305f\u304c\u3001\u30c1\u30fc\u30e0\u30e1\u30a4\u30c8\u304c\u652f\u3048\u3066\u304f\u308c\u305f\u3053\u3068\u3067\u3001\u3068\u3066\u3082\u826f\u3044\u30b7\u30fc\u30ba\u30f3\u3092\u904e\u3054\u3059\u3053\u3068\u304c\u3067\u304d\u305f\u3068\u3044\u3046\u3002\u4e00\u8a00\u3067\u8868\u3059\u306a\u3089\u3001\u300c\u30d3\u30c3\u30b0\u30c1\u30e3\u30ec\u30f3\u30b8\u300d\u3060\u3063\u305f\u3068\u632f\u308a\u8fd4\u308b\u3002<\/p>\n\n\n\n<p class=\"wp-block-paragraph\">\u307e\u305f\u3001\u76e3\u7763\u3084\u5e74\u4e0a\u306e\u4eba\u306b\u5bfe\u3059\u308b\u656c\u610f\u306e\u8868\u3057\u65b9\u304c\u65e5\u672c\u3068\u4f3c\u3066\u3044\u308b\u3068\u611f\u3058\u305f\u3053\u3068\u306f\u3001\u7802\u908a\u306b\u3068\u3063\u3066\u5370\u8c61\u7684\u306a\u7d4c\u9a13\u3060\u3063\u305f\u3002\u30c1\u30fc\u30e0\u306e\u96f0\u56f2\u6c17\u306b\u3064\u3044\u3066\u306f\u3001\u76e3\u7763\u3092\u542b\u3081\u3001\u307f\u3093\u306a\u304c\u30c1\u30fc\u30e0\u306e\u4e00\u54e1\u3068\u3057\u3066\u95a2\u308f\u308a\u3001\u4ef2\u304c\u826f\u304f\u3001\u5e38\u306b\u30b3\u30df\u30e5\u30cb\u30b1\u30fc\u30b7\u30e7\u30f3\u304c\u53d6\u308c\u308b\u30c1\u30fc\u30e0\u3060\u3063\u305f\u3053\u3068\u3092\u7279\u306b\u9b45\u529b\u306b\u611f\u3058\u305f\u3068\u3044\u3046\u3002\u7802\u908a\u306f\u3001\u305d\u306e\u3088\u3046\u306a\u74b0\u5883\u3092\u3068\u3066\u3082\u7d20\u6575\u306a\u3082\u306e\u3060\u3063\u305f\u3068\u632f\u308a\u8fd4\u3063\u3066\u3044\u308b\u3002<\/p>\n\n\n\n<p class=\"wp-block-paragraph\">\u590f\u4f11\u307f\u4e2d\u3082\u3001\u7802\u908a\u306f\u7df4\u7fd2\u3001\u5408\u5bbf\u3001\u8a66\u5408\u306b\u5fd9\u3057\u3044\u65e5\u3005\u3092\u904e\u3054\u3059\u4e88\u5b9a\u3060\u30029\u6708\u306b\u306f\u3001\u65e5\u672c\u3067\u30a2\u30b8\u30a2\u306e\u30aa\u30ea\u30f3\u30d4\u30c3\u30af\u306e\u3088\u3046\u306a\u5927\u4f1a\u3067\u3042\u308b\u30a2\u30b8\u30a2\u5927\u4f1a\u304c\u958b\u50ac\u3055\u308c\u308b\u305f\u3081\u3001\u305d\u308c\u306b\u5411\u3051\u3066\u65e5\u3005\u7df4\u7fd2\u306b\u52b1\u3093\u3067\u3044\u304f\u3002<\/p>\n\n\n\n<p class=\"wp-block-paragraph\">\u6b21\u306e\u30b7\u30fc\u30ba\u30f3\u306b\u5411\u3051\u3066\u306f\u3001\u30c1\u30fc\u30e0\u3068\u3057\u30665\u4f4d\u4ee5\u5185\u306b\u5165\u308b\u3053\u3068\u3092\u76ee\u6a19\u306b\u3057\u3066\u3044\u308b\u3002\u500b\u4eba\u3068\u3057\u3066\u306f\u3001\u6c7a\u5b9a\u7387\u3068\u30a2\u30b7\u30b9\u30c8\u529b\u3092\u4f38\u3070\u3057\u3066\u3044\u304d\u305f\u3044\u3068\u8003\u3048\u3066\u3044\u308b\u3002<\/p>\n","protected":false},"excerpt":{"rendered":"<p>Ai Sunabe mozgalmas id\u0151szakot tudhat maga m\u00f6g\u00f6tt: a Gy\u0151rben t\u00f6lt\u00f6tt szezon ut\u00e1n Jap\u00e1nban folytatja a felk\u00e9sz\u00fcl\u00e9st, mik\u00f6zben visszatekint magyarorsz\u00e1gi tapasztalataira, a csapattal meg\u00e9lt pillanatokra \u00e9s a k\u00f6vetkez\u0151 szezon c\u00e9ljaira.<\/p>\n","protected":false},"author":1,"featured_media":235,"comment_status":"open","ping_status":"open","sticky":false,"template":"","format":"standard","meta":{"footnotes":""},"categories":[6,17,16],"tags":[],"class_list":["post-234","post","type-post","status-publish","format-standard","has-post-thumbnail","hentry","category-felnott-noi","category-for-english","category-interju"],"_links":{"self":[{"href":"https:\/\/pepe264.net3d.hu\/index.php?rest_route=\/wp\/v2\/posts\/234","targetHints":{"allow":["GET"]}}],"collection":[{"href":"https:\/\/pepe264.net3d.hu\/index.php?rest_route=\/wp\/v2\/posts"}],"about":[{"href":"https:\/\/pepe264.net3d.hu\/index.php?rest_route=\/wp\/v2\/types\/post"}],"author":[{"embeddable":true,"href":"https:\/\/pepe264.net3d.hu\/index.php?rest_route=\/wp\/v2\/users\/1"}],"replies":[{"embeddable":true,"href":"https:\/\/pepe264.net3d.hu\/index.php?rest_route=%2Fwp%2Fv2%2Fcomments&post=234"}],"version-history":[{"count":1,"href":"https:\/\/pepe264.net3d.hu\/index.php?rest_route=\/wp\/v2\/posts\/234\/revisions"}],"predecessor-version":[{"id":236,"href":"https:\/\/pepe264.net3d.hu\/index.php?rest_route=\/wp\/v2\/posts\/234\/revisions\/236"}],"wp:featuredmedia":[{"embeddable":true,"href":"https:\/\/pepe264.net3d.hu\/index.php?rest_route=\/wp\/v2\/media\/235"}],"wp:attachment":[{"href":"https:\/\/pepe264.net3d.hu\/index.php?rest_route=%2Fwp%2Fv2%2Fmedia&parent=234"}],"wp:term":[{"taxonomy":"category","embeddable":true,"href":"https:\/\/pepe264.net3d.hu\/index.php?rest_route=%2Fwp%2Fv2%2Fcategories&post=234"},{"taxonomy":"post_tag","embeddable":true,"href":"https:\/\/pepe264.net3d.hu\/index.php?rest_route=%2Fwp%2Fv2%2Ftags&post=234"}],"curies":[{"name":"wp","href":"https:\/\/api.w.org\/{rel}","templated":true}]}}