{"id":161,"date":"2026-07-25T22:07:02","date_gmt":"2026-07-25T22:07:02","guid":{"rendered":"https:\/\/pepe264.net3d.hu\/?p=161"},"modified":"2026-07-25T22:07:34","modified_gmt":"2026-07-25T22:07:34","slug":"pippa-southcombe-a-gyori-szezonrol-pippa-southcombe-reflects-on-her-season-in-gyor","status":"publish","type":"post","link":"https:\/\/pepe264.net3d.hu\/?p=161","title":{"rendered":"Pippa Southcombe a gy\u0151ri szezonr\u00f3l \/\/ Pippa Southcombe Reflects on Her Season in Gy\u0151r"},"content":{"rendered":"\n<p class=\"wp-block-paragraph\"><strong>Pippa Southcombe, \u00faj-z\u00e9landi l\u00e9gi\u00f3sunk a gy\u0151ri szezon ut\u00e1n hazat\u00e9rt \u00daj-Z\u00e9landra, ahol a magyarorsz\u00e1gi ny\u00e1rral ellent\u00e9tben jelenleg t\u00e9l van. J\u00e1t\u00e9kosunk az otthon t\u00f6lt\u00f6tt id\u0151szakr\u00f3l, a csapattal meg\u00e9lt kedvenc pillanatokr\u00f3l, a gy\u0151ri tapasztalatair\u00f3l \u00e9s a k\u00f6vetkez\u0151 szezon c\u00e9ljair\u00f3l mes\u00e9lt. \/\/ After completing her season in Gy\u0151r, our New Zealand player, Pippa Southcombe, has returned home, where it is currently winter. She shared her thoughts on being back in New Zealand, her favourite memories with the team, her experiences in Gy\u0151r, and her personal goals for the next season.<\/strong><\/p>\n\n\n\n<p class=\"wp-block-paragraph\"><em>SCROLL DOWN FOR ENGLISH<\/em><\/p>\n\n\n\n<p class=\"wp-block-paragraph\"><strong>A hazat\u00e9r\u00e9s pihen\u00e9s \u00e9s felt\u00f6lt\u0151d\u00e9s is egyben&nbsp;<\/strong><\/p>\n\n\n\n<p class=\"wp-block-paragraph\">A szezon v\u00e9gezt\u00e9vel Pippa Southcombe visszat\u00e9rt \u00daj-Z\u00e9landra, ahol \u00f6r\u00f6mmel t\u00f6lti az id\u0151t csal\u00e1dj\u00e1val \u00e9s bar\u00e1taival. Mint mondta, j\u00f3 \u00e9rz\u00e9s \u00fajra otthon lenni, m\u00e9g akkor is, ha ott jelenleg t\u00e9l van, \u00edgy az id\u0151j\u00e1r\u00e1s nem olyan meleg, mint Eur\u00f3p\u00e1ban. Magyarorsz\u00e1gi tart\u00f3zkod\u00e1sa alatt legink\u00e1bb a csal\u00e1dja \u00e9s a bar\u00e1tai hi\u00e1nyoztak neki, valamint az, hogy otthon gyalog is k\u00f6nnyen el\u00e9rhet\u0151 k\u00f6zels\u00e9gben van a tengerpart. A hazat\u00e9r\u00e9s \u00edgy nemcsak pihen\u00e9st, hanem felt\u00f6lt\u0151d\u00e9st is jelent sz\u00e1m\u00e1ra.<\/p>\n\n\n\n<p class=\"wp-block-paragraph\"><strong>Pozit\u00edv tapasztalatokkal gazdagodva<\/strong><\/p>\n\n\n\n<p class=\"wp-block-paragraph\">A gy\u0151ri szezonra visszatekintve nehezen tudna egyetlen kedvenc pillanatot kiemelni. K\u00fcl\u00f6n\u00f6sen sz\u00edvesen eml\u00e9kszik vissza az idegenbeli m\u00e9rk\u0151z\u00e9sekre, amikor a csapattal egy\u00fctt utaztak, zen\u00e9t hallgattak az aut\u00f3ban, valamint az edz\u00e9sek ut\u00e1ni k\u00f6z\u00f6s fagyiz\u00e1sokra is. Gy\u0151ri tapasztalatait rendk\u00edv\u00fcl \u00e9rt\u00e9kes lehet\u0151s\u00e9gk\u00e9nt \u00edrta le. \u00dagy \u00e9rzi, az itt t\u00f6lt\u00f6tt id\u0151 nemcsak abban seg\u00edtette, hogy nemzetk\u00f6zi szinten fejl\u0151dj\u00f6n v\u00edzilabd\u00e1z\u00f3k\u00e9nt, hanem abban is, hogy emberk\u00e9nt jobban megismerje \u00f6nmag\u00e1t.<\/p>\n\n\n\n<p class=\"wp-block-paragraph\"><strong>K\u00fcl\u00f6nleges \u00e9lm\u00e9nyek, befogad\u00f3 k\u00f6z\u00f6ss\u00e9g&nbsp;<\/strong><\/p>\n\n\n\n<p class=\"wp-block-paragraph\">Magyarorsz\u00e1gon t\u00f6bb dolog is meglepte. K\u00fcl\u00f6n\u00f6sen eml\u00e9kezetes sz\u00e1m\u00e1ra, hogy mennyi k\u00fcl\u00f6nb\u00f6z\u0151 uszod\u00e1ban j\u00e1tszottak a szezon sor\u00e1n, hiszen szinte minden m\u00e9rk\u0151z\u00e9s \u00faj helysz\u00ednen volt, \u00edgy t\u00f6bb magyar v\u00e1rost is megismerhetett. Emellett nagy hat\u00e1ssal volt r\u00e1 a szurkol\u00f3i hangulat is: a dobok, a rigmusok \u00e9s a lelkes biztat\u00e1s minden m\u00e9rk\u0151z\u00e9sen k\u00fcl\u00f6nleges \u00e9lm\u00e9nyt jelentettek sz\u00e1m\u00e1ra.<\/p>\n\n\n\n<p class=\"wp-block-paragraph\">A csapatr\u00f3l \u00e9s a klub l\u00e9gk\u00f6r\u00e9r\u0151l is nagyon pozit\u00edvan besz\u00e9lt. Kiemelte, hogy csapatt\u00e1rsai rendk\u00edv\u00fcl kedvesek \u00e9s befogad\u00f3ak voltak, v\u00e9gig arra t\u00f6rekedtek, hogy j\u00f3l \u00e9rezze mag\u00e1t, \u00e9s a k\u00f6z\u00f6ss\u00e9g r\u00e9sz\u00e9nek \u00e9rezhesse mag\u00e1t. Elmond\u00e1sa szerint a klub minden tagja nagy figyelmet ford\u00edtott arra, hogy gy\u0151ri tart\u00f3zkod\u00e1sa val\u00f3ban pozit\u00edv \u00e9lm\u00e9ny legyen.<\/p>\n\n\n\n<p class=\"wp-block-paragraph\"><strong>Intenz\u00edv edz\u00e9sprogram seg\u00edt a felk\u00e9sz\u00fcl\u00e9sben<\/strong><\/p>\n\n\n\n<p class=\"wp-block-paragraph\">Otthon sem telnek esem\u00e9nytelen\u00fcl a napjai: az \u00faj-z\u00e9landi v\u00e1logatott csapatokkal edz, klubcsapat\u00e1ban is j\u00e1tszik, mik\u00f6zben igyekszik min\u00e9l t\u00f6bb id\u0151t t\u00f6lteni a csal\u00e1dj\u00e1val \u00e9s a bar\u00e1taival. Edz\u00e9sprogramja kifejezetten intenz\u00edv, hiszen naponta k\u00e9tszer edz, ami seg\u00edt abban, hogy j\u00f3 form\u00e1ban t\u00e9rjen vissza Magyarorsz\u00e1gra.<\/p>\n\n\n\n<p class=\"wp-block-paragraph\">A k\u00f6vetkez\u0151 szezonra Pipp\u00e1nak t\u00f6bb szem\u00e9lyes c\u00e9lja is van. Szeretne min\u00e9l t\u00f6bbet fejl\u0151dni magyar nyelvb\u0151l, hogy jobban \u00e9rtse csapatt\u00e1rsait, \u00e9s k\u00f6nnyebben tudjon kommunik\u00e1lni vel\u00fck. V\u00edzilabd\u00e1z\u00f3k\u00e9nt pedig az egyik f\u0151 c\u00e9lja, hogy fizik\u00e1lisan m\u00e9g er\u0151sebb\u00e9 v\u00e1ljon centerposzton.<\/p>\n\n\n\n<hr class=\"wp-block-separator has-alpha-channel-opacity\"\/>\n\n\n\n<p class=\"wp-block-paragraph\"><strong>Returning home is also a time for rest and recharging<\/strong><\/p>\n\n\n\n<p class=\"wp-block-paragraph\">After the end of the season, Pippa Southcombe returned to New Zealand, where she is enjoying spending time with her family and friends. As she said, it feels good to be back home, even though it is winter there at the moment, so the weather is not as warm as in Europe. While she was in Hungary, she missed her friends and family the most, as well as being within walking distance of the beach. Returning home has therefore been a great opportunity for her to recharge and enjoy the familiar surroundings.<\/p>\n\n\n\n<p class=\"wp-block-paragraph\"><strong>Enriched by positive experiences<\/strong><\/p>\n\n\n\n<p class=\"wp-block-paragraph\">Looking back at the season, Pippa finds it hard to choose just one favourite moment with the team. Some of her best memories include the away games, travelling together in the cars while listening to music, and the ice cream trips after training. She describes her experience in Gy\u0151r so far as an amazing opportunity. She feels that her time here has taught her a lot, not only about playing water polo internationally, but also about herself as a person.<\/p>\n\n\n\n<p class=\"wp-block-paragraph\"><strong>Special memories and a welcoming community<\/strong><\/p>\n\n\n\n<p class=\"wp-block-paragraph\">Several things surprised her about living and playing in Hungary. One of the most memorable aspects was the number of different pools across the country, as almost every game was played at a new venue. This also allowed her to see several different cities in Hungary throughout the season. She was also impressed by the atmosphere created by the supporters, especially the chanting and the drums at the games.<\/p>\n\n\n\n<p class=\"wp-block-paragraph\">Pippa also spoke very positively about her teammates and the atmosphere at the club. She highlighted how kind and welcoming everyone was, and how her teammates made sure she felt included throughout her stay. She also felt that everyone at the club made a real effort to help her enjoy her time in Gy\u0151r.<\/p>\n\n\n\n<p class=\"wp-block-paragraph\"><strong>Intense training programme helps the preparation<\/strong><\/p>\n\n\n\n<p class=\"wp-block-paragraph\">Her time at home is still very active. She is training with the New Zealand teams and playing for her club team, while also making the most of her time with family and friends. Her training schedule is intense, with two sessions every day, helping her stay fit and ready for her return to Hungary.<\/p>\n\n\n\n<p class=\"wp-block-paragraph\">For the next season, Pippa has several personal goals. One of them is to learn much more Hungarian, so she can better understand and communicate with her teammates. As a water polo player, her goal is to become much stronger in the centre position.<\/p>\n","protected":false},"excerpt":{"rendered":"<p>Pippa Southcombe, \u00faj-z\u00e9landi l\u00e9gi\u00f3sunk a gy\u0151ri szezon ut\u00e1n hazat\u00e9rt \u00daj-Z\u00e9landra, ahol a magyarorsz\u00e1gi ny\u00e1rral ellent\u00e9tben jelenleg t\u00e9l van. J\u00e1t\u00e9kosunk az otthon t\u00f6lt\u00f6tt id\u0151szakr\u00f3l, a csapattal meg\u00e9lt kedvenc pillanatokr\u00f3l, a gy\u0151ri tapasztalatair\u00f3l \u00e9s a k\u00f6vetkez\u0151 szezon c\u00e9ljair\u00f3l mes\u00e9lt.<\/p>\n","protected":false},"author":1,"featured_media":162,"comment_status":"open","ping_status":"open","sticky":false,"template":"","format":"standard","meta":{"footnotes":""},"categories":[6,16],"tags":[],"class_list":["post-161","post","type-post","status-publish","format-standard","has-post-thumbnail","hentry","category-felnott-noi","category-interju"],"_links":{"self":[{"href":"https:\/\/pepe264.net3d.hu\/index.php?rest_route=\/wp\/v2\/posts\/161","targetHints":{"allow":["GET"]}}],"collection":[{"href":"https:\/\/pepe264.net3d.hu\/index.php?rest_route=\/wp\/v2\/posts"}],"about":[{"href":"https:\/\/pepe264.net3d.hu\/index.php?rest_route=\/wp\/v2\/types\/post"}],"author":[{"embeddable":true,"href":"https:\/\/pepe264.net3d.hu\/index.php?rest_route=\/wp\/v2\/users\/1"}],"replies":[{"embeddable":true,"href":"https:\/\/pepe264.net3d.hu\/index.php?rest_route=%2Fwp%2Fv2%2Fcomments&post=161"}],"version-history":[{"count":2,"href":"https:\/\/pepe264.net3d.hu\/index.php?rest_route=\/wp\/v2\/posts\/161\/revisions"}],"predecessor-version":[{"id":164,"href":"https:\/\/pepe264.net3d.hu\/index.php?rest_route=\/wp\/v2\/posts\/161\/revisions\/164"}],"wp:featuredmedia":[{"embeddable":true,"href":"https:\/\/pepe264.net3d.hu\/index.php?rest_route=\/wp\/v2\/media\/162"}],"wp:attachment":[{"href":"https:\/\/pepe264.net3d.hu\/index.php?rest_route=%2Fwp%2Fv2%2Fmedia&parent=161"}],"wp:term":[{"taxonomy":"category","embeddable":true,"href":"https:\/\/pepe264.net3d.hu\/index.php?rest_route=%2Fwp%2Fv2%2Fcategories&post=161"},{"taxonomy":"post_tag","embeddable":true,"href":"https:\/\/pepe264.net3d.hu\/index.php?rest_route=%2Fwp%2Fv2%2Ftags&post=161"}],"curies":[{"name":"wp","href":"https:\/\/api.w.org\/{rel}","templated":true}]}}